{"id":300803,"date":"2025-08-06T16:51:15","date_gmt":"2025-08-06T16:51:15","guid":{"rendered":"https:\/\/www.europesays.com\/fr\/300803\/"},"modified":"2025-08-06T16:51:15","modified_gmt":"2025-08-06T16:51:15","slug":"karim-et-laurie-leur-couple-deja-en-peril-demain-nous-appartient-spoilers-25-au-29-aout-2025","status":"publish","type":"post","link":"https:\/\/www.europesays.com\/fr\/300803\/","title":{"rendered":"Karim et Laurie: leur couple d\u00e9j\u00e0 en p\u00e9ril ? &#8211; Demain nous appartient (spoilers) 25 au 29 ao\u00fbt 2025"},"content":{"rendered":"<p>\tD\u00e9couvrez les spoilers de Demain nous appartient du 25 au 29 ao\u00fbt 2025 : Laurie a un nouveau boyfriend, oubli\u00e9 Bart et Martial\u2026bienvenue \u00e0 Karim (Samy Gharbi) ? . Voici les r\u00e9sum\u00e9s courts de DNA \u00e0 trois semaines d\u2019avance.<br \/>\n<img fetchpriority=\"high\" decoding=\"async\" aria-describedby=\"caption-attachment-308567\" src=\"https:\/\/www.europesays.com\/fr\/wp-content\/uploads\/2025\/08\/karim-laurie-dna-spoil.jpg\" alt=\"Karim en couple dans Demain nous appartient ?\" width=\"1280\" height=\"720\" class=\"size-full wp-image-308567\"  \/><\/p>\n<p id=\"caption-attachment-308567\" class=\"wp-caption-text\">Karim (Samy Gharbi)  et Laurie : d\u00e9j\u00e0 la fin d\u2019une histoire ? (ndlr : Laurie a un petit air d\u2019Anna non ?)<\/p>\n<p>Les spoilers<a href=\"https:\/\/www.nouveautes-tele.com\/62784-resume-demain-nous-appartient-tf1-en-avance-spoilers-devoiles.html\" rel=\"nofollow noopener\" target=\"_blank\"><strong> Demain nous appartient (voir r\u00e9sum\u00e9s en avance) <\/strong><\/a> des \u00e9pisodes 3 semaines en avance, on vous dit tout ce qui va se passer dans la semaine du 25 au 29 ao\u00fbt 2025. <\/p>\n<p>Avec les \u00e9pisodes 2016 \u00e0 2020 en attendant les r\u00e9sum\u00e9s complets et les r\u00e9caps vid\u00e9o sur notre <a href=\"https:\/\/www.youtube.com\/@nouveautesteleoff\/videos\" target=\"_blank\" rel=\"noopener nofollow\"><strong>cha\u00eene YouTube<\/strong><\/a>, les premi\u00e8res indiscr\u00e9tions se d\u00e9voilent. <\/p>\n<p> \ud83c\udfac Les  <a href=\"https:\/\/www.nouveautes-tele.com\/308529-idriss-face-a-son-passe-un-retour-inattendu-seme-le-trouble-plus-belle-la-vie-spoilers-du-25-au-29-aout-2025.html\" rel=\"nofollow noopener\" target=\"_blank\"><strong>spoilers Plus belle la vie<\/strong><\/a> avec un fant\u00f4me du pass\u00e9 pour Idriss Salem qui refait surface. <\/p>\n<p><strong>Les acteurs pr\u00e9sents notamment cette semaine de Demain nous appartient <\/strong> : Ambroise Michel (Arthur Verges), Jeanne-Marie Ducarre (Laurie Coulbaux),  Rani Bheemuck (Lou Cl\u00e9ment), Morgane Cabot (Joyce Navarre), Gabin Visona (K\u00e9vin Hofaire),  Carla Roturier (Ellie Turpin), Ma\u00ebl Sidoine (Gabin), Benjamin Baffie (Romain Delorme), Hanaa Bouab (Prof sculpture)\u2026 <\/p>\n<p>Demain nous appartient en avance du lundi 25 ao\u00fbt 2025 <\/p>\n<p>Dans <strong>DNA \u00e9pisode 2015<\/strong> : Christelle Moreno (Ariane S\u00e9guillon) est de plus en plus inqui\u00e8te : Annie n\u2019a pas donn\u00e9 signe de vie depuis la veille. De son c\u00f4t\u00e9, le cousin de Joyce affiche un tout autre visage lorsqu\u2019il lui rend visite. Quant \u00e0 Laurie et Karim, leur rendez-vous amoureux semble compromis : ils ne sont clairement pas sur la m\u00eame longueur d\u2019onde\u2026<\/p>\n<p>Demain nous appartient en avance du mardi 26 ao\u00fbt 2025 <\/p>\n<p>Dans <strong>DNA \u00e9pisode 2016<\/strong> : Quelqu\u2019un s\u2019est discr\u00e8tement introduit dans la maison de Marianne (Luce Mouchel)\u2026 et y reste cach\u00e9. Pendant ce temps, Bruno (Kevin levy\u00e0 et Valentine croisent une adolescente au comportement d\u00e9routant. Et face \u00e0 Damien, Karim pr\u00e9f\u00e8re taire une v\u00e9rit\u00e9 d\u00e9rangeante\u2026<\/p>\n<p>Demain nous appartient en avance du mercredi 27 ao\u00fbt 2025 <\/p>\n<p>Dans <strong>DNA \u00e9pisode 2017<\/strong> : Marianne se sent enfin pr\u00eate \u00e0 ouvrir son c\u0153ur \u00e0 nouveau. Mais pendant ce temps, Gabriel (Martin Mille) est en panique totale apr\u00e8s une \u00e9norme gaffe de Roxane. Par ailleurs, un jeune gar\u00e7on est convoqu\u00e9 par les policiers en lien avec la myst\u00e9rieuse fugueuse\u2026<\/p>\n<p><img loading=\"lazy\" decoding=\"async\" aria-describedby=\"caption-attachment-308569\" src=\"data:image\/svg+xml,%3Csvg%20xmlns=\" http:=\"\" alt=\"Christelle Moreno dna \" width=\"1200\" height=\"602\" class=\"size-full wp-image-308569\" data-lazy- data-lazy- data-lazy-src=\"https:\/\/www.europesays.com\/fr\/wp-content\/uploads\/2025\/08\/christelle-moreno-dna.jpg\"\/><\/p>\n<p id=\"caption-attachment-308569\" class=\"wp-caption-text\">Christelle Moreno se fait du souci pour sa soeur Annie<\/p>\n<p>Demain nous appartient en avance du jeudi 28 ao\u00fbt 2025 <\/p>\n<p>Dans <strong>DNA \u00e9pisode 2018<\/strong> : Kevin multiplie les efforts pour s\u00e9duire une jeune femme qui ne le laisse pas indiff\u00e9rent. De son c\u00f4t\u00e9, Adam pousse Alain \u00e0 suivre Annie jusqu\u2019au Vietnam. Et Judith (Alice Varela) demande un service peu ordinaire \u00e0 Noor\u2026 qui accepte de poser nue !<\/p>\n<p>Demain nous appartient en avance du vendredi 29 ao\u00fbt 2025 <\/p>\n<p>Dans <strong>DNA \u00e9pisode 2019<\/strong> : La fugueuse n\u2019a pas dit son dernier mot : elle tente une nouvelle \u00e9vasion. Annie, de son c\u00f4t\u00e9, h\u00e9site \u00e0 recontacter Alain (Christian Vadim) avant son grand d\u00e9part. Et Judith encourage Noor \u00e0 faire le premier pas vers celui qui lui pla\u00eet\u2026<\/p>\n<p>\ud83d\udcac Dites-nous en commentaires ce qui vous intrigue le plus dans cette semaine de Demain nous appartient.<\/p>\n<p>-&gt; N&rsquo;h\u00e9sitez pas \u00e0 nous suivre sur <a href=\"https:\/\/whatsapp.com\/channel\/0029Vaff4LEFcowCVHrXqx17\" target=\"_blank\" rel=\"noopener nofollow\"><strong>notre cha\u00eene WhatsApp<\/strong><\/a> pour ne rien manquer des derni\u00e8res actualit\u00e9s de Nouveaut\u00e9s-T\u00e9l\u00e9. <\/p>\n<p>                          <img loading=\"lazy\" decoding=\"async\" width=\"512\" height=\"512\" src=\"data:image\/svg+xml,%3Csvg%20xmlns=\" http:=\"\" alt=\"Logo de Nouveaut\u00e9 t\u00e9l\u00e9\" data-lazy-src=\"https:\/\/www.europesays.com\/fr\/wp-content\/uploads\/2025\/06\/nt-logo.png\"\/><\/p>\n<p>\t\t\t  Isabelle Corteilles<\/p>\n<p>Titou, passionn\u00e9e de m\u00e9dias et incollable sur l\u2019actualit\u00e9 des s\u00e9ries t\u00e9l\u00e9. De la g\u00e9n\u00e9ration Dawson\u2019s Creek et Sous le Soleil, je navigue aujourd\u2019hui entre le Spoon de DNA, les marais salants d\u2019ITC, le Mistral de PBLV, le Com\u00e8te de TP2L, la Pe\u00f1a Loca de Nouveau Jour et les Sauvages d\u2019Un Si Grand Soleil, pour ne rien rater des derni\u00e8res intrigues et indiscr\u00e9tions.<\/p>\n","protected":false},"excerpt":{"rendered":"D\u00e9couvrez les spoilers de Demain nous appartient du 25 au 29 ao\u00fbt 2025 : Laurie a un nouveau&hellip;\n","protected":false},"author":2,"featured_media":300804,"comment_status":"","ping_status":"","sticky":false,"template":"","format":"standard","meta":{"footnotes":""},"categories":[1356],"tags":[58,59,1011,27,252,1364],"class_list":{"0":"post-300803","1":"post","2":"type-post","3":"status-publish","4":"format-standard","5":"has-post-thumbnail","7":"category-television","8":"tag-divertissement","9":"tag-entertainment","10":"tag-fr","11":"tag-france","12":"tag-television","13":"tag-tv"},"share_on_mastodon":{"url":"https:\/\/pubeurope.com\/@fr\/114982858579326564","error":""},"_links":{"self":[{"href":"https:\/\/www.europesays.com\/fr\/wp-json\/wp\/v2\/posts\/300803","targetHints":{"allow":["GET"]}}],"collection":[{"href":"https:\/\/www.europesays.com\/fr\/wp-json\/wp\/v2\/posts"}],"about":[{"href":"https:\/\/www.europesays.com\/fr\/wp-json\/wp\/v2\/types\/post"}],"author":[{"embeddable":true,"href":"https:\/\/www.europesays.com\/fr\/wp-json\/wp\/v2\/users\/2"}],"replies":[{"embeddable":true,"href":"https:\/\/www.europesays.com\/fr\/wp-json\/wp\/v2\/comments?post=300803"}],"version-history":[{"count":0,"href":"https:\/\/www.europesays.com\/fr\/wp-json\/wp\/v2\/posts\/300803\/revisions"}],"wp:featuredmedia":[{"embeddable":true,"href":"https:\/\/www.europesays.com\/fr\/wp-json\/wp\/v2\/media\/300804"}],"wp:attachment":[{"href":"https:\/\/www.europesays.com\/fr\/wp-json\/wp\/v2\/media?parent=300803"}],"wp:term":[{"taxonomy":"category","embeddable":true,"href":"https:\/\/www.europesays.com\/fr\/wp-json\/wp\/v2\/categories?post=300803"},{"taxonomy":"post_tag","embeddable":true,"href":"https:\/\/www.europesays.com\/fr\/wp-json\/wp\/v2\/tags?post=300803"}],"curies":[{"name":"wp","href":"https:\/\/api.w.org\/{rel}","templated":true}]}}