{"id":300805,"date":"2025-08-06T16:52:11","date_gmt":"2025-08-06T16:52:11","guid":{"rendered":"https:\/\/www.europesays.com\/fr\/300805\/"},"modified":"2025-08-06T16:52:11","modified_gmt":"2025-08-06T16:52:11","slug":"le-clip-de-pink-venom-du-groupe-de-k-pop-blackpink-atteint-le-milliard-de-vues-sur-youtube","status":"publish","type":"post","link":"https:\/\/www.europesays.com\/fr\/300805\/","title":{"rendered":"Le clip de Pink Venom, du groupe de K-pop Blackpink, atteint le milliard de vues sur YouTube"},"content":{"rendered":"<p>Il s\u2019agit du neuvi\u00e8me clip du girls band cor\u00e9en \u00e0 atteindre ce seuil symbolique.<\/p>\n<p class=\"fig-paragraph\">Le groupe sud-cor\u00e9en de\u00a0<a href=\"http:\/\/www.lefigaro.fr\/musique\/la-k-pop-un-phenomene-mondial-qui-peine-a-convaincre-en-france-20250802\" target=\"_blank\" data-fig-type=\"NewsFlash\" rel=\"noopener nofollow\" data-gtm-custom-categorie=\"navigation\" data-gtm-custom-action=\"crossclick\" data-gtm-custom-label=\"Contextuel\" data-gtm-event=\"customEventSPE\" data-fig-domain=\"LEFIGARO\">K-pop<\/a>\u00a0Blackpink continue d\u2019exploser tous les compteurs. Le clip de sa musique Pink Venom vient de d\u00e9passer la barre du milliard de vues sur la plateforme Youtube, devenant ainsi le neuvi\u00e8me clip du groupe \u00e0 d\u00e9passer ce seuil.<\/p>\n<p class=\"fig-paragraph\">D\u00e9voil\u00e9e en 2022, la vid\u00e9o n\u2019en est pas \u00e0 son premier record. Elle avait atteint les\u00a0<a href=\"http:\/\/www.lefigaro.fr\/musique\/le-groupe-de-k-pop-blackpink-bat-le-record-du-clip-le-plus-visionne-sur-youtube-en-une-journee-20200628\" target=\"_blank\" data-fig-type=\"Article\" rel=\"noopener nofollow\" data-gtm-custom-categorie=\"navigation\" data-gtm-custom-action=\"crossclick\" data-gtm-custom-label=\"Contextuel\" data-gtm-event=\"customEventSPE\" data-fig-domain=\"LEFIGARO\">82 millions de visionnages<\/a>\u00a0en 24\u00a0h apr\u00e8s sa sortie, d\u00e9tr\u00f4nant BTS avec la vid\u00e9o du morceau How You Like That et devenant le meilleur d\u00e9marrage pour un clip cette ann\u00e9e-l\u00e0. Le visuel, lui, est \u00e0 l\u2019image du girls band Blackpink\u00a0: orchestration millim\u00e9tr\u00e9e, esth\u00e9tique cyber gothique, looks griff\u00e9s (Dior, Chanel, Saint Laurent, Celine\u2026) \u00e0 en faire p\u00e2lir les d\u00e9fil\u00e9s de mode.<\/p>\n<p>                                    <a class=\"fig-a11y-skip a11y-hidden\" href=\"#fig-a11y-skip-main-inarticle\"><br \/>\n        Passer la publicit\u00e9<br \/>\n    <\/a><\/p>\n<p class=\"fig-paragraph\">Chant\u00e9 en cor\u00e9en et en anglais, le titre \u00e0 tout pour plaire \u00e0 un public international. Il est devenu un v\u00e9ritable ph\u00e9nom\u00e8ne viral, repris dans de nombreux challenge sur le r\u00e9seau social Tiktok, jusqu\u2019\u00e0 l\u2019approbation de la pop star Taylor Swift qui s\u2019\u00e9tait mise en sc\u00e8ne, dans une vid\u00e9o \u00e0 l\u2019occasion des MTV Vid\u00e9o Music Awards, sur la musique des\u00a0<a href=\"http:\/\/www.lefigaro.fr\/musique\/le-stade-de-france-vibre-au-son-de-la-k-pop-avec-le-concert-electrisant-des-blackpink-20250803\" target=\"_blank\" data-fig-type=\"NewsFlash\" rel=\"noopener nofollow\" data-gtm-custom-categorie=\"navigation\" data-gtm-custom-action=\"crossclick\" data-gtm-custom-label=\"Contextuel\" data-gtm-event=\"customEventSPE\" data-fig-domain=\"LEFIGARO\">Blackpink<\/a>.<\/p>\n<p class=\"fig-paragraph\">La formation cor\u00e9enne compte aujourd\u2019hui plus de 600 vid\u00e9os publi\u00e9es sur leur cha\u00eene officielle, pour un total de 39,5 milliards de vues. La cha\u00eene rassemble 98,2 millions d\u2019abonn\u00e9s, ce qui la place en t\u00eate parmi tous les chanteurs et groupes dans le monde.<\/p>\n<p class=\"fig-paragraph\">Apr\u00e8s trois ans d\u2019absence les chanteuses ont lanc\u00e9 en juillet 2025 leur tourn\u00e9e mondiale baptis\u00e9e \u00ab DEADLINE\u00a0\u00bb. Jennie, Ros\u00e9, Lisa et Jisoo ont \u00e9lectris\u00e9 les 2 et 3 ao\u00fbt derniers\u00a0<a href=\"http:\/\/www.lefigaro.fr\/musique\/le-stade-de-france-vibre-au-son-de-la-k-pop-avec-le-concert-electrisant-des-blackpink-20250803\" data-fig-type=\"NewsFlash\" data-gtm-custom-categorie=\"navigation\" data-gtm-custom-action=\"crossclick\" data-gtm-custom-label=\"Contextuel\" data-gtm-event=\"customEventSPE\" data-fig-domain=\"LEFIGARO\" rel=\"nofollow noopener\" target=\"_blank\">l\u2019enceinte du Stade de France,\u00a0<\/a>devant pas moins de 55 000 fans par soir.<\/p>\n","protected":false},"excerpt":{"rendered":"Il s\u2019agit du neuvi\u00e8me clip du girls band cor\u00e9en \u00e0 atteindre ce seuil symbolique. Le groupe sud-cor\u00e9en de\u00a0K-pop\u00a0Blackpink&hellip;\n","protected":false},"author":2,"featured_media":300806,"comment_status":"","ping_status":"","sticky":false,"template":"","format":"standard","meta":{"footnotes":""},"categories":[1355],"tags":[58,59,1011,27,7594,1361,873],"class_list":{"0":"post-300805","1":"post","2":"type-post","3":"status-publish","4":"format-standard","5":"has-post-thumbnail","7":"category-musique","8":"tag-divertissement","9":"tag-entertainment","10":"tag-fr","11":"tag-france","12":"tag-k-pop","13":"tag-music","14":"tag-musique"},"share_on_mastodon":{"url":"https:\/\/pubeurope.com\/@fr\/114982862465638867","error":""},"_links":{"self":[{"href":"https:\/\/www.europesays.com\/fr\/wp-json\/wp\/v2\/posts\/300805","targetHints":{"allow":["GET"]}}],"collection":[{"href":"https:\/\/www.europesays.com\/fr\/wp-json\/wp\/v2\/posts"}],"about":[{"href":"https:\/\/www.europesays.com\/fr\/wp-json\/wp\/v2\/types\/post"}],"author":[{"embeddable":true,"href":"https:\/\/www.europesays.com\/fr\/wp-json\/wp\/v2\/users\/2"}],"replies":[{"embeddable":true,"href":"https:\/\/www.europesays.com\/fr\/wp-json\/wp\/v2\/comments?post=300805"}],"version-history":[{"count":0,"href":"https:\/\/www.europesays.com\/fr\/wp-json\/wp\/v2\/posts\/300805\/revisions"}],"wp:featuredmedia":[{"embeddable":true,"href":"https:\/\/www.europesays.com\/fr\/wp-json\/wp\/v2\/media\/300806"}],"wp:attachment":[{"href":"https:\/\/www.europesays.com\/fr\/wp-json\/wp\/v2\/media?parent=300805"}],"wp:term":[{"taxonomy":"category","embeddable":true,"href":"https:\/\/www.europesays.com\/fr\/wp-json\/wp\/v2\/categories?post=300805"},{"taxonomy":"post_tag","embeddable":true,"href":"https:\/\/www.europesays.com\/fr\/wp-json\/wp\/v2\/tags?post=300805"}],"curies":[{"name":"wp","href":"https:\/\/api.w.org\/{rel}","templated":true}]}}