{"id":300807,"date":"2025-08-06T16:53:16","date_gmt":"2025-08-06T16:53:16","guid":{"rendered":"https:\/\/www.europesays.com\/fr\/300807\/"},"modified":"2025-08-06T16:53:16","modified_gmt":"2025-08-06T16:53:16","slug":"une-affiche-et-des-teasers-terrifiants-pour-un-film-de-monstre-qui-rend-curieux","status":"publish","type":"post","link":"https:\/\/www.europesays.com\/fr\/300807\/","title":{"rendered":"une affiche et des teasers terrifiants pour un film de monstre qui rend curieux"},"content":{"rendered":"<p class=\"wp-embed-aspect-16-9 wp-has-aspect-ratio\"><strong>Un bon film de pieuvre g\u00e9ante ? C\u2019est en tout cas ce que laisse esp\u00e9rer <a href=\"https:\/\/www.ecranlarge.com\/films\/kraken\" data-type=\"films\" data-id=\"1328777\" rel=\"nofollow noopener\" target=\"_blank\">Kraken<\/a>, une production norv\u00e9gienne plut\u00f4t engageante. <\/strong><\/p>\n<p class=\"wp-embed-aspect-16-9 wp-has-aspect-ratio\">Dans le domaine des gros monstres, le cin\u00e9ma a un peu oubli\u00e9 le pouvoir d\u2019effroi d\u2019un tentacule bien visqueux et d\u00e9gueulasse. On se souvient de la somptueuse attaque du calamar g\u00e9ant dans le <strong>20 000 lieues sous les mers<\/strong> de Richard Fleischer ou bien s\u00fbr, du Kraken de <strong>Pirates des Cara\u00efbes 2 : Le Secret du coffre maudit<\/strong>, et celui des diff\u00e9rentes versions du<strong> Choc des titans<\/strong>.<\/p>\n<p>                    <img decoding=\"async\" alt=\"\" class=\"wp-image-518375\" style=\"object-fit:cover;width:25px;height:25px\" src=\"https:\/\/www.ecranlarge.com\/content\/uploads\/2023\/09\/arrow-right-circle.svg\"\/><\/p>\n<p>Si le film de requin a encore de beaux jours devant lui (il a m\u00eame eu droit \u00e0 une sortie en salles r\u00e9cemment avec <strong>Dangerous Animals<\/strong>), le film de pieuvre r\u00e9veill\u00e9e des tr\u00e9fonds de l\u2019oc\u00e9an a de quoi convoquer une bonne dose de thalassophobie. \u00c7a tombe bien, <strong>la Norv\u00e8ge a d\u00e9cid\u00e9 de rattraper le coup avec un film sobrement intitul\u00e9\u2026 Kraken. <\/strong><\/p>\n<p><a href=\"https:\/\/www.ecranlarge.com\/content\/uploads\/2025\/08\/kraken.webp\" rel=\"nofollow noopener\" target=\"_blank\"><img loading=\"lazy\" decoding=\"async\" alt=\"pirates des cara\u00efbes\" class=\"wp-image-1328823\" style=\"width:1025px;height:auto\" src=\"https:\/\/www.europesays.com\/fr\/wp-content\/uploads\/2025\/08\/kraken-1260x526.webp.webp\" width=\"1260\" height=\"526\"  \/><\/a>Le meilleur krakenRelease the Kraken<\/p>\n<p>Pour \u00eatre franc, l\u2019affiche r\u00e9v\u00e9l\u00e9e de <strong>Kraken<\/strong>, o\u00f9 la cr\u00e9ature vue du ciel s\u2019appr\u00eate \u00e0 boulotter un monsieur sur un cano\u00eb-kayak, sonnait comme une \u00e9ni\u00e8me hyperbole de s\u00e9rie B fauch\u00e9e. Si la taille de la b\u00eate semble totalement exag\u00e9r\u00e9e par rapport \u00e0 ce que propose le film, il faut bien admettre que les deux petits teasers r\u00e9v\u00e9l\u00e9s ont su attiser notre curiosit\u00e9. <\/p>\n<p><img loading=\"lazy\" decoding=\"async\" width=\"768\" height=\"1008\" alt=\"\" class=\"wp-image-1328810\" src=\"https:\/\/www.europesays.com\/fr\/wp-content\/uploads\/2025\/08\/mv5bmgu1yzuwmzktmzgxyy00zgewltg1zjgtztnhzjk3mjzim2m5xkeyxkfqcgc._v1_fmjpg_ux1000_-1.webp.webp\"  \/><\/p>\n<p>Premi\u00e8re originalit\u00e9 : le long-m\u00e9trage de <a href=\"https:\/\/www.ecranlarge.com\/personnalite\/739812-paal-oie\" data-type=\"people\" data-id=\"381488\" rel=\"nofollow noopener\" target=\"_blank\">P\u00e5l \u00d8ie<\/a> (<strong>The Tunnel<\/strong>) choisit comme cadre un fjord, ces bras de mer typiquement norv\u00e9giens, entour\u00e9s par les montagnes. Dans ce contexte, <strong>Kraken<\/strong> suivra le parcours d\u2019une biologiste marine qui, en pleines recherches, va devoir enqu\u00eater sur des morts myst\u00e9rieuses. \u00c0 noter que le second teaser semble mettre la responsabilit\u00e9 du r\u00e9veil du monstre sur l\u2019emploi d\u2019ondes sp\u00e9ciales pour l\u2019\u00e9levage de saumons, perturbant ainsi tout l\u2019\u00e9cosyst\u00e8me marin.<\/p>\n<p>Un peu d\u2019\u00e9cologie, des effets sp\u00e9ciaux pas totalement aux fraises et la promesse de visuels un peu diff\u00e9rents de l\u2019accoutum\u00e9e, voil\u00e0 qui donne envie d\u2019en voir plus. Pour le moment, <strong>Kraken est pr\u00e9vu pour sortir en Norv\u00e8ge en octobre<\/strong>, et le distributeur Samuel Goldwyn a r\u00e9cup\u00e9r\u00e9 les droits pour une exploitation aux \u00c9tats-Unis. On esp\u00e8re que ce sera aussi le cas en France. <\/p>\n","protected":false},"excerpt":{"rendered":"Un bon film de pieuvre g\u00e9ante ? C\u2019est en tout cas ce que laisse esp\u00e9rer Kraken, une production&hellip;\n","protected":false},"author":2,"featured_media":300808,"comment_status":"","ping_status":"","sticky":false,"template":"","format":"standard","meta":{"footnotes":""},"categories":[1354],"tags":[58,59,1346,1011,27,1360],"class_list":{"0":"post-300807","1":"post","2":"type-post","3":"status-publish","4":"format-standard","5":"has-post-thumbnail","7":"category-films","8":"tag-divertissement","9":"tag-entertainment","10":"tag-films","11":"tag-fr","12":"tag-france","13":"tag-movies"},"share_on_mastodon":{"url":"https:\/\/pubeurope.com\/@fr\/114982866495272600","error":""},"_links":{"self":[{"href":"https:\/\/www.europesays.com\/fr\/wp-json\/wp\/v2\/posts\/300807","targetHints":{"allow":["GET"]}}],"collection":[{"href":"https:\/\/www.europesays.com\/fr\/wp-json\/wp\/v2\/posts"}],"about":[{"href":"https:\/\/www.europesays.com\/fr\/wp-json\/wp\/v2\/types\/post"}],"author":[{"embeddable":true,"href":"https:\/\/www.europesays.com\/fr\/wp-json\/wp\/v2\/users\/2"}],"replies":[{"embeddable":true,"href":"https:\/\/www.europesays.com\/fr\/wp-json\/wp\/v2\/comments?post=300807"}],"version-history":[{"count":0,"href":"https:\/\/www.europesays.com\/fr\/wp-json\/wp\/v2\/posts\/300807\/revisions"}],"wp:featuredmedia":[{"embeddable":true,"href":"https:\/\/www.europesays.com\/fr\/wp-json\/wp\/v2\/media\/300808"}],"wp:attachment":[{"href":"https:\/\/www.europesays.com\/fr\/wp-json\/wp\/v2\/media?parent=300807"}],"wp:term":[{"taxonomy":"category","embeddable":true,"href":"https:\/\/www.europesays.com\/fr\/wp-json\/wp\/v2\/categories?post=300807"},{"taxonomy":"post_tag","embeddable":true,"href":"https:\/\/www.europesays.com\/fr\/wp-json\/wp\/v2\/tags?post=300807"}],"curies":[{"name":"wp","href":"https:\/\/api.w.org\/{rel}","templated":true}]}}