{"id":300813,"date":"2025-08-06T16:56:10","date_gmt":"2025-08-06T16:56:10","guid":{"rendered":"https:\/\/www.europesays.com\/fr\/300813\/"},"modified":"2025-08-06T16:56:10","modified_gmt":"2025-08-06T16:56:10","slug":"brad-pitt-la-femme-de-sa-vie-est-morte","status":"publish","type":"post","link":"https:\/\/www.europesays.com\/fr\/300813\/","title":{"rendered":"Brad Pitt : la femme de sa vie est morte"},"content":{"rendered":"<p>      R\u00e9sum\u00e9<\/p>\n<p>Brad Pitt traverse une p\u00e9riode difficile apr\u00e8s la perte de sa m\u00e8re Jane Etta Pitt, qui \u00e9tait un pilier important dans sa vie depuis de nombreuses ann\u00e9es.<\/p>\n<p>        Sommaire<\/p>\n<p>Terrible nouvelle pour <a href=\"https:\/\/www.public.fr\/tag\/brad-pitt\" target=\"_blank\" rel=\"noopener\">Brad Pitt<\/a>. Le com\u00e9dien de 61 ans s\u2019appr\u00eate \u00e0 vivre l\u2019une des \u00e9preuves les plus difficiles de sa vie. En effet, <strong>il vient de perdre la femme de sa vie : sa m\u00e8re Jane Etta Pitt.\u00a0<\/strong><\/p>\n<p><a href=\"https:\/\/www.tmz.com\/2025\/08\/06\/brad-pitt-mom-jane-etta-pitt-dead\/?adid=social-tw\" target=\"_blank\" rel=\"noopener\">Nos confr\u00e8res de TMZ<\/a> annoncent en effet le d\u00e9c\u00e8s de la m\u00e8re du com\u00e9dien. Jane Etta Pitt est d\u00e9c\u00e9d\u00e9e \u00e0 l\u2019\u00e2ge de 84 ans comme l\u2019ont annonc\u00e9 des sources proches de la famille \u00e0 nos confr\u00e8res.\u00a0<\/p>\n<p>Brad Pitt vient de perdre sa m\u00e8re<\/p>\n<p>Celle-ci aurait perdu la vie il y a deux jours alors qu\u2019un membre de la famille a confirm\u00e9 la triste nouvelle dans un touchant message publi\u00e9 sur Instagram. Pour le moment, Brad Pitt n\u2019a pas pris la parole pour saluer la m\u00e9moire de sa m\u00e8re.\u00a0<\/p>\n<p>Elle \u00e9tait la femme de sa vie, comme pour tout fils. Le com\u00e9dien de 61 ans a toujours su se montrer <strong>tr\u00e8s proche de sa maman<\/strong>. Tout le clan avait d\u2019ailleurs pu se r\u00e9unir autour de Jane Etta Pitt il y a 5 ans.\u00a0<\/p>\n<p>La m\u00e8re de l\u2019ancien compagnon d\u2019<a href=\"https:\/\/www.public.fr\/tag\/angelina-jolie\" target=\"_blank\" rel=\"noopener\">Angelina Jolie<\/a> \u00e9tait une ancienne conseill\u00e8re familiale et a toujours souhait\u00e9 rest\u00e9e loin des projecteurs et du monde m\u00e9diatique dans lequel baigne son fils depuis de nombreuses ann\u00e9es.\u00a0<\/p>\n<p>Un pilier pour l&rsquo;acteur, toujours l\u00e0 pour le soutenir dans les mauvais moments<\/p>\n<p>Malgr\u00e9 son envie de rester en retrait et loin des projecteurs, nous avons d\u00e9j\u00e0 pu <strong>la d\u00e9couvrir aux c\u00f4t\u00e9s de son fils Brad Pitt,<\/strong> et son mari, sur les tapis rouges. <\/p>\n<p>En effet, <strong>Jane Etta Pitt a accept\u00e9 d\u2019accompagner son fils<\/strong> \u00e0 divers \u00e9v\u00e9nements en lien avec le cin\u00e9ma, comme par exemple les Golden Globes 2007 et les Oscars, o\u00f9 nous avons par exemple pu l&rsquo;apercevoir en train de discuter chaleureusement avec d&rsquo;autres stars.<\/p>\n<p>En plus de soutenir son fils Brad Pitt lors de ces \u00e9v\u00e9nements, la femme d\u00e9c\u00e9d\u00e9e \u00e0 l\u2019\u00e2ge de 84 ans a toujours su \u00eatre un pilier pour le com\u00e9dien de 61 ans, notamment en 2016 <a href=\"https:\/\/www.public.fr\/brad-pitt-brise-le-silence-apres-8-ans-dun-divorce-salissant-avec-angelina-jolie\" target=\"_blank\" rel=\"noopener\">lorsqu\u2019Angelina Jolie et l\u2019acteur faisaient le choix de divorcer<\/a>. Selon nos confr\u00e8res de TMZ, durant cette p\u00e9riode, Jane Etta Pitt a toujours su \u00eatre une <strong>source essentielle de r\u00e9confort pour son enfant<\/strong>.\u00a0<\/p>\n<p>      Mentionn\u00e9s dans cet article<\/p>\n<p>      Sur le m\u00eame sujet<\/p>\n","protected":false},"excerpt":{"rendered":"R\u00e9sum\u00e9 Brad Pitt traverse une p\u00e9riode difficile apr\u00e8s la perte de sa m\u00e8re Jane Etta Pitt, qui \u00e9tait&hellip;\n","protected":false},"author":2,"featured_media":300814,"comment_status":"","ping_status":"","sticky":false,"template":"","format":"standard","meta":{"footnotes":""},"categories":[8],"tags":[15216,2134,58,59,1011,27,18],"class_list":{"0":"post-300813","1":"post","2":"type-post","3":"status-publish","4":"format-standard","5":"has-post-thumbnail","7":"category-divertissement","8":"tag-angelina-jolie","9":"tag-brad-pitt","10":"tag-divertissement","11":"tag-entertainment","12":"tag-fr","13":"tag-france","14":"tag-mort"},"share_on_mastodon":{"url":"https:\/\/pubeurope.com\/@fr\/114982878291893478","error":""},"_links":{"self":[{"href":"https:\/\/www.europesays.com\/fr\/wp-json\/wp\/v2\/posts\/300813","targetHints":{"allow":["GET"]}}],"collection":[{"href":"https:\/\/www.europesays.com\/fr\/wp-json\/wp\/v2\/posts"}],"about":[{"href":"https:\/\/www.europesays.com\/fr\/wp-json\/wp\/v2\/types\/post"}],"author":[{"embeddable":true,"href":"https:\/\/www.europesays.com\/fr\/wp-json\/wp\/v2\/users\/2"}],"replies":[{"embeddable":true,"href":"https:\/\/www.europesays.com\/fr\/wp-json\/wp\/v2\/comments?post=300813"}],"version-history":[{"count":0,"href":"https:\/\/www.europesays.com\/fr\/wp-json\/wp\/v2\/posts\/300813\/revisions"}],"wp:featuredmedia":[{"embeddable":true,"href":"https:\/\/www.europesays.com\/fr\/wp-json\/wp\/v2\/media\/300814"}],"wp:attachment":[{"href":"https:\/\/www.europesays.com\/fr\/wp-json\/wp\/v2\/media?parent=300813"}],"wp:term":[{"taxonomy":"category","embeddable":true,"href":"https:\/\/www.europesays.com\/fr\/wp-json\/wp\/v2\/categories?post=300813"},{"taxonomy":"post_tag","embeddable":true,"href":"https:\/\/www.europesays.com\/fr\/wp-json\/wp\/v2\/tags?post=300813"}],"curies":[{"name":"wp","href":"https:\/\/api.w.org\/{rel}","templated":true}]}}