{"id":300825,"date":"2025-08-06T17:02:12","date_gmt":"2025-08-06T17:02:12","guid":{"rendered":"https:\/\/www.europesays.com\/fr\/300825\/"},"modified":"2025-08-06T17:02:12","modified_gmt":"2025-08-06T17:02:12","slug":"transports-le-trafic-sncf-entre-le-puy-en-velay-saint-etienne-et-lyon-toujours-perturbe","status":"publish","type":"post","link":"https:\/\/www.europesays.com\/fr\/300825\/","title":{"rendered":"Transports. Le trafic SNCF entre Le Puy-en-Velay, Saint-Etienne et Lyon toujours perturb\u00e9"},"content":{"rendered":"<p>\u00ab\u00a0En raison de contraintes de production et d\u2019un mouvement social local du Gestionnaire d\u2019infrastructures, le trafic est perturb\u00e9 sur les lignes suivantes\u00a0: Le Puy-en-Velay &#8211; Saint-Etienne, Saint-Etienne &#8211; Givors &#8211; Lyon, Roanne &#8211; Saint-Etienne\u00a0\u00bb. Voil\u00e0 le message qu\u2019ont re\u00e7u les usagers SNCF ce mercredi 6\u00a0juin.<\/p>\n<p>Ce n\u2019est pas vraiment une surprise puisque, depuis le 15\u00a0juillet, les aiguilleurs de l\u2019\u00e9toile st\u00e9phanoise <a href=\"https:\/\/www.leprogres.fr\/economie\/2025\/07\/23\/greve-sur-les-lignes-sncf-un-mouvement-local-qui-perturbe-les-habitudes-des-usagers\" target=\"_blank\" rel=\"noopener\">d\u00e9noncent leurs mauvaises conditions de travail.<\/a><\/p>\n<p>\u00ab\u00a0On veut des effectifs qui nous permettraient de faire correctement notre travail\u00a0\u00bb rappelle St\u00e9phane Colin, de la CGT. Et s\u2019il reconna\u00eet que \u00ab\u00a0la gr\u00e8ve d\u2019une heure tous les matins impacte le trafic\u00a0\u00bb, il assure qu\u2019il n\u2019en est rien \u00ab\u00a0le reste de la journ\u00e9e\u00a0\u00bb.<\/p>\n<p>  La rentr\u00e9e s\u2019annonce \u00ab\u00a0chaude\u00a0\u00bb selon la CGT<\/p>\n<p>\u00c0 l\u2019entendre, \u00ab\u00a0c\u2019est la direction, et nullement la gr\u00e8ve, qui est responsable des trains supprim\u00e9s\u00a0\u00bb.<\/p>\n<p>Contact\u00e9e, la direction de SNCF R\u00e9seau nous a r\u00e9pondu, par mail, que \u00ab\u00a0le mouvement social est li\u00e9 \u00e0 des arr\u00eats maladies qui rendent difficile la tenue des postes, d\u00e9j\u00e0 tendue en cette p\u00e9riode estivale\u00a0\u00bb.<\/p>\n<p>Elle assure que \u00ab\u00a0les \u00e9quipes SNCF Voyageurs se mobilisent pour tenir inform\u00e9s les voyageurs en temps r\u00e9el via les outils connect\u00e9s habituels (site T <a href=\"https:\/\/www.ter.sncf.com\/auvergne-rhone-alpes\" target=\"_blank\" rel=\"noopener\">ER Auvergne \u2013 Rh\u00f4ne-Alpes<\/a> et <a href=\"https:\/\/www.sncf-connect.com\/\" target=\"_blank\" rel=\"noopener\">SNCF Connect<\/a> ). Les voyageurs ayant accept\u00e9 de revoir de l\u2019information trafic par SMS ou courriel ont \u00e9t\u00e9 inform\u00e9s\u00a0\u00bb.<\/p>\n<p>Les derniers \u00e9changes entre le syndicat et la direction \u00ab\u00a0ont \u00e9t\u00e9 tendus\u00a0\u00bb pr\u00e9cise St\u00e9phane Colin, qui pr\u00e9dit une rentr\u00e9e de septembre \u00ab\u00a0chaude\u00a0\u00bb si les choses n\u2019\u00e9voluent pas d\u2019ici l\u00e0.<\/p>\n","protected":false},"excerpt":{"rendered":"\u00ab\u00a0En raison de contraintes de production et d\u2019un mouvement social local du Gestionnaire d\u2019infrastructures, le trafic est perturb\u00e9&hellip;\n","protected":false},"author":2,"featured_media":300826,"comment_status":"","ping_status":"","sticky":false,"template":"","format":"standard","meta":{"footnotes":""},"categories":[9653],"tags":[1111,11,2430,9671,7539,1777,674,107,1011,27,4002,3367,12,25,2429,4001,7538,801,2803],"class_list":{"0":"post-300825","1":"post","2":"type-post","3":"status-publish","4":"format-standard","5":"has-post-thumbnail","7":"category-saint-etienne","8":"tag-actu","9":"tag-actualites","10":"tag-auvergne-rhone-alpes","11":"tag-conflit-social","12":"tag-edition-loire-sud","13":"tag-eu","14":"tag-europe","15":"tag-fil-info","16":"tag-fr","17":"tag-france","18":"tag-haute-loire","19":"tag-loire","20":"tag-news","21":"tag-republique-francaise","22":"tag-rhone","23":"tag-saint-etienne","24":"tag-saint-etienne-ville","25":"tag-social","26":"tag-transport"},"share_on_mastodon":{"url":"https:\/\/pubeurope.com\/@fr\/114982901770824097","error":""},"_links":{"self":[{"href":"https:\/\/www.europesays.com\/fr\/wp-json\/wp\/v2\/posts\/300825","targetHints":{"allow":["GET"]}}],"collection":[{"href":"https:\/\/www.europesays.com\/fr\/wp-json\/wp\/v2\/posts"}],"about":[{"href":"https:\/\/www.europesays.com\/fr\/wp-json\/wp\/v2\/types\/post"}],"author":[{"embeddable":true,"href":"https:\/\/www.europesays.com\/fr\/wp-json\/wp\/v2\/users\/2"}],"replies":[{"embeddable":true,"href":"https:\/\/www.europesays.com\/fr\/wp-json\/wp\/v2\/comments?post=300825"}],"version-history":[{"count":0,"href":"https:\/\/www.europesays.com\/fr\/wp-json\/wp\/v2\/posts\/300825\/revisions"}],"wp:featuredmedia":[{"embeddable":true,"href":"https:\/\/www.europesays.com\/fr\/wp-json\/wp\/v2\/media\/300826"}],"wp:attachment":[{"href":"https:\/\/www.europesays.com\/fr\/wp-json\/wp\/v2\/media?parent=300825"}],"wp:term":[{"taxonomy":"category","embeddable":true,"href":"https:\/\/www.europesays.com\/fr\/wp-json\/wp\/v2\/categories?post=300825"},{"taxonomy":"post_tag","embeddable":true,"href":"https:\/\/www.europesays.com\/fr\/wp-json\/wp\/v2\/tags?post=300825"}],"curies":[{"name":"wp","href":"https:\/\/api.w.org\/{rel}","templated":true}]}}