{"id":300829,"date":"2025-08-06T17:04:17","date_gmt":"2025-08-06T17:04:17","guid":{"rendered":"https:\/\/www.europesays.com\/fr\/300829\/"},"modified":"2025-08-06T17:04:17","modified_gmt":"2025-08-06T17:04:17","slug":"nancy-plonger-au-coeur-de-nancy-a-la-decouverte-de-lart-nouveau","status":"publish","type":"post","link":"https:\/\/www.europesays.com\/fr\/300829\/","title":{"rendered":"Nancy. Plonger au c\u0153ur de Nancy \u00e0 la d\u00e9couverte de l\u2019Art nouveau"},"content":{"rendered":"<p>Les Lorrains connaissent souvent les endroits incontournables de l\u2019Art nouveau comme le <a href=\"https:\/\/www.estrepublicain.fr\/culture-loisirs\/2024\/05\/17\/savez-vous-pourquoi-le-musee-de-l-ecole-de-nancy-a-failli-ne-pas-exister\" target=\"_blank\" rel=\"noopener\">mus\u00e9e de l\u2019\u00c9cole de Nancy,<\/a> les Beaux-Arts, ou encore l\u2019embl\u00e9matique <a href=\"https:\/\/www.estrepublicain.fr\/p\/villa-majorelle\" target=\"_blank\" rel=\"noopener\">villa Majorelle<\/a>. Cependant, il existe pr\u00e8s de soixante points d\u2019int\u00e9r\u00eat rien que dans la ville. Difficiles de tout apercevoir, alors nous avons choisi pour vous\u00a0!<\/p>\n<p>  Un peu d\u2019histoire\u2026<\/p>\n<p>Avant notre d\u00e9part, petit rappel historique pour comprendre comment Nancy est devenu le berceau de cette \u00e9cole artistique. En 1901 est cr\u00e9\u00e9e l\u2019Alliance provinciale des industries des arts, par plusieurs artistes de la r\u00e9gion.<\/p>\n<p>Leur objectif est de promouvoir les m\u00e9tiers de la main en les rendant accessibles au plus grand nombre. Ce mariage entre industrie et artisanat, est facilit\u00e9 par l\u2019exil de talents vers Nancy apr\u00e8s la guerre de 1870. Toutes les conditions sont alors r\u00e9unies pour l\u2019\u00e9mergence d\u2019un mouvement.<\/p>\n<p>  L\u2019embarras du choix<\/p>\n<p>L\u2019office de tourisme propose quatre circuits en ville. Nous choisirons celui \u00ab\u00a0Au c\u0153ur des affaires\u00a0\u00bb. Le hasard &#8211; ou presque &#8211; nous emm\u00e8ne au pied d\u2019un b\u00e2timent bien connu des Nanc\u00e9iens, l\u2019h\u00f4tel de L\u2019Est r\u00e9publicain, ancien si\u00e8ge du journal. R\u00e9alis\u00e9e par l\u2019architecte Pierre Le Bourgeois en 1912, la b\u00e2tisse surplombe l\u2019angle de l\u2019avenue Foch et de la rue Saint-Dizier avec une tour aux balustrades par\u00e9es de motifs floraux.<\/p>\n<p>Poursuivons notre marche vers la <a href=\"https:\/\/www.estrepublicain.fr\/culture-loisirs\/2023\/01\/13\/le-miroir-de-la-brasserie-l-excelsior-devoile-ses-secrets\" target=\"_blank\" rel=\"noopener\">brasserie L\u2019Excelsior<\/a>. Elle est le fruit d\u2019un travail minutieux entre Lucien Weissenburger pour l\u2019immeuble, Louis Majorelle pour le mobilier, Jacques Gr\u00fcber pour les vitraux, Antonin Daum pour les lustres et P\u00e9lerin pour les mosa\u00efques. Tous les protagonistes du mouvement sont r\u00e9unis ici, faisant des lieux le temple de cette \u00c9cole.<\/p>\n<p>Arr\u00eatons nous maintenant rue Saint-Jean devant l\u2019ancienne graineterie G\u00e9nin, sign\u00e9e Gutton. Construite en 1901, sa structure m\u00e9tallique apparente est une premi\u00e8re pour un immeuble d\u2019habitation. Sa d\u00e9coration aux inspirations v\u00e9g\u00e9tales est caract\u00e9ristique de l\u2019Art nouveau.<\/p>\n<p>Terminons cette promenade par la sublime verri\u00e8re du Cr\u00e9dit lyonnais, rue Saint-Georges. Pour la contempler, il faudra entrer dans le hall de l\u2019immeuble. Avec une surface de 250 m 2 , cette \u0153uvre monumentale, imagin\u00e9e par Gr\u00fcber et r\u00e9alis\u00e9e par Gauville, impressionne par la vivacit\u00e9 de ses couleurs et par sa sym\u00e9trie rigoureuse.<\/p>\n<p>Ce n\u2019est qu\u2019un aper\u00e7u des <a href=\"https:\/\/www.estrepublicain.fr\/culture-loisirs\/2023\/01\/13\/le-miroir-de-la-brasserie-l-excelsior-devoile-ses-secrets\" target=\"_blank\" rel=\"noopener\">multiples tr\u00e9sors de Nancy<\/a>. Le plus d\u00e9termin\u00e9 pourrait y passer des jours\u00a0!<\/p>\n","protected":false},"excerpt":{"rendered":"Les Lorrains connaissent souvent les endroits incontournables de l\u2019Art nouveau comme le mus\u00e9e de l\u2019\u00c9cole de Nancy, les&hellip;\n","protected":false},"author":2,"featured_media":300830,"comment_status":"","ping_status":"","sticky":false,"template":"","format":"standard","meta":{"footnotes":""},"categories":[9635],"tags":[1111,11,1687,1704,1777,674,1011,27,775,20065,1702,1703,12,2661,25],"class_list":{"0":"post-300829","1":"post","2":"type-post","3":"status-publish","4":"format-standard","5":"has-post-thumbnail","7":"category-nancy","8":"tag-actu","9":"tag-actualites","10":"tag-culture-loisirs","11":"tag-edition-nancy-et-agglomeration","12":"tag-eu","13":"tag-europe","14":"tag-fr","15":"tag-france","16":"tag-grand-est","17":"tag-magazine-tourisme-et-patrimoine","18":"tag-nancy","19":"tag-nancy-ville-54b","20":"tag-news","21":"tag-patrimoine-culturel","22":"tag-republique-francaise"},"share_on_mastodon":{"url":"https:\/\/pubeurope.com\/@fr\/114982909781622794","error":""},"_links":{"self":[{"href":"https:\/\/www.europesays.com\/fr\/wp-json\/wp\/v2\/posts\/300829","targetHints":{"allow":["GET"]}}],"collection":[{"href":"https:\/\/www.europesays.com\/fr\/wp-json\/wp\/v2\/posts"}],"about":[{"href":"https:\/\/www.europesays.com\/fr\/wp-json\/wp\/v2\/types\/post"}],"author":[{"embeddable":true,"href":"https:\/\/www.europesays.com\/fr\/wp-json\/wp\/v2\/users\/2"}],"replies":[{"embeddable":true,"href":"https:\/\/www.europesays.com\/fr\/wp-json\/wp\/v2\/comments?post=300829"}],"version-history":[{"count":0,"href":"https:\/\/www.europesays.com\/fr\/wp-json\/wp\/v2\/posts\/300829\/revisions"}],"wp:featuredmedia":[{"embeddable":true,"href":"https:\/\/www.europesays.com\/fr\/wp-json\/wp\/v2\/media\/300830"}],"wp:attachment":[{"href":"https:\/\/www.europesays.com\/fr\/wp-json\/wp\/v2\/media?parent=300829"}],"wp:term":[{"taxonomy":"category","embeddable":true,"href":"https:\/\/www.europesays.com\/fr\/wp-json\/wp\/v2\/categories?post=300829"},{"taxonomy":"post_tag","embeddable":true,"href":"https:\/\/www.europesays.com\/fr\/wp-json\/wp\/v2\/tags?post=300829"}],"curies":[{"name":"wp","href":"https:\/\/api.w.org\/{rel}","templated":true}]}}