{"id":300831,"date":"2025-08-06T17:05:30","date_gmt":"2025-08-06T17:05:30","guid":{"rendered":"https:\/\/www.europesays.com\/fr\/300831\/"},"modified":"2025-08-06T17:05:30","modified_gmt":"2025-08-06T17:05:30","slug":"football-guingamp-mise-sur-un-ancien-espoir-de-las-nancy-lorraine-gautier-ott","status":"publish","type":"post","link":"https:\/\/www.europesays.com\/fr\/300831\/","title":{"rendered":"Football. Guingamp mise sur un ancien espoir de l\u2019AS Nancy Lorraine\u00a0: Gautier Ott"},"content":{"rendered":"<p>Le d\u00e9part de Gautier Ott de l\u2019ASNL en juin\u00a02020, <a href=\"https:\/\/www.estrepublicain.fr\/sport\/2020\/06\/08\/gauthier-ott-prefere-la-bundesliga-a-l-asnl\" target=\"_blank\" rel=\"noopener\">apr\u00e8s avoir refus\u00e9 son premier contrat professionnel<\/a> dans son club formateur, <a href=\"https:\/\/www.estrepublicain.fr\/sport\/2020\/06\/27\/apres-avoir-refuse-l-offre-de-l-asnl-gauthier-ott-a-choisi-hoffenheim\" target=\"_blank\" rel=\"noopener\">avait fait beaucoup de bruit, \u00e0 l\u2019\u00e9poque<\/a>. Un \u00e9pisode qui avait rappel\u00e9, toutes proportions gard\u00e9es, \u00ab\u00a0l\u2019affaire\u00a0\u00bb Micha\u00ebl Cuisance trois ans plus t\u00f4t. Comme <a href=\"https:\/\/www.estrepublicain.fr\/sport\/2024\/09\/03\/michael-cuisance-refait-parler-de-lui\" target=\"_blank\" rel=\"noopener\">Micha\u00ebl Cuisance<\/a> parti \u00e0\u00a0M\u00f6nchengladbach, d\u2019ailleurs, Gautier Ott avait quitt\u00e9 Nancy pour signer en Allemagne. Direction Hoffenheim o\u00f9 il est rest\u00e9 deux saisons, jusqu\u2019en 2022, sans avoir sa chance au sein de l\u2019\u00e9quipe premi\u00e8re en Bundesliga.<\/p>\n<p>Pour s\u2019imposer au niveau pro, le Strasbourgeois de naissance, pass\u00e9 par <a href=\"https:\/\/www.estrepublicain.fr\/sport\/2025\/03\/29\/visite-de-la-dtn-le-pole-espoirs-de-nancy-parmi-les-references-en-france\" target=\"_blank\" rel=\"noopener\">le P\u00f4le Espoirs de Nancy<\/a> , a ensuite rejoint le Portugal. Il sort de trois saisons en D2 portugaise sous les couleurs d\u2019Acad\u00e9mico Viseu, avec des stats int\u00e9ressantes (5 buts, 23 passes d\u00e9cisives en 88 matches). C\u2019est ce qui lui a permis de taper dans l\u2019\u0153il de l\u2019En Avant Guingamp, 5e\u00a0 du pr\u00e9c\u00e9dent championnat de Ligue 2. \u00c2g\u00e9 de 23 ans d\u00e9sormais, Gautier Ott, ancien international fran\u00e7ais U18, fr\u00e9quentera donc le m\u00eame championnat que l\u2019ASNL en 2025-2026. Guingamp-Nancy le 3\u00a0octobre, Nancy-Guingamp le 16\u00a0janvier. Comme on se retrouve\u2026<\/p>\n","protected":false},"excerpt":{"rendered":"Le d\u00e9part de Gautier Ott de l\u2019ASNL en juin\u00a02020, apr\u00e8s avoir refus\u00e9 son premier contrat professionnel dans son&hellip;\n","protected":false},"author":2,"featured_media":300832,"comment_status":"","ping_status":"","sticky":false,"template":"","format":"standard","meta":{"footnotes":""},"categories":[9635],"tags":[1111,11,3703,1704,1777,674,63,1011,27,775,1702,1703,12,25,517,1700],"class_list":{"0":"post-300831","1":"post","2":"type-post","3":"status-publish","4":"format-standard","5":"has-post-thumbnail","7":"category-nancy","8":"tag-actu","9":"tag-actualites","10":"tag-asnl","11":"tag-edition-nancy-et-agglomeration","12":"tag-eu","13":"tag-europe","14":"tag-football","15":"tag-fr","16":"tag-france","17":"tag-grand-est","18":"tag-nancy","19":"tag-nancy-ville-54b","20":"tag-news","21":"tag-republique-francaise","22":"tag-sport","23":"tag-sport-lorrain"},"share_on_mastodon":{"url":"https:\/\/pubeurope.com\/@fr\/114982913556300108","error":""},"_links":{"self":[{"href":"https:\/\/www.europesays.com\/fr\/wp-json\/wp\/v2\/posts\/300831","targetHints":{"allow":["GET"]}}],"collection":[{"href":"https:\/\/www.europesays.com\/fr\/wp-json\/wp\/v2\/posts"}],"about":[{"href":"https:\/\/www.europesays.com\/fr\/wp-json\/wp\/v2\/types\/post"}],"author":[{"embeddable":true,"href":"https:\/\/www.europesays.com\/fr\/wp-json\/wp\/v2\/users\/2"}],"replies":[{"embeddable":true,"href":"https:\/\/www.europesays.com\/fr\/wp-json\/wp\/v2\/comments?post=300831"}],"version-history":[{"count":0,"href":"https:\/\/www.europesays.com\/fr\/wp-json\/wp\/v2\/posts\/300831\/revisions"}],"wp:featuredmedia":[{"embeddable":true,"href":"https:\/\/www.europesays.com\/fr\/wp-json\/wp\/v2\/media\/300832"}],"wp:attachment":[{"href":"https:\/\/www.europesays.com\/fr\/wp-json\/wp\/v2\/media?parent=300831"}],"wp:term":[{"taxonomy":"category","embeddable":true,"href":"https:\/\/www.europesays.com\/fr\/wp-json\/wp\/v2\/categories?post=300831"},{"taxonomy":"post_tag","embeddable":true,"href":"https:\/\/www.europesays.com\/fr\/wp-json\/wp\/v2\/tags?post=300831"}],"curies":[{"name":"wp","href":"https:\/\/api.w.org\/{rel}","templated":true}]}}