{"id":300833,"date":"2025-08-06T17:06:10","date_gmt":"2025-08-06T17:06:10","guid":{"rendered":"https:\/\/www.europesays.com\/fr\/300833\/"},"modified":"2025-08-06T17:06:10","modified_gmt":"2025-08-06T17:06:10","slug":"meeting-de-toulon-actus-passion","status":"publish","type":"post","link":"https:\/\/www.europesays.com\/fr\/300833\/","title":{"rendered":"Meeting de Toulon &#8211; Actus Passion"},"content":{"rendered":"<p>Comme chaque ann\u00e9e, le meeting de Toulon revient pour son show annuel du 15 ao\u00fbt, avec le traditionnel passage de la Patrouille de France et de ses Alpha Jet, entre autres.<\/p>\n<p>C\u2019est devenu un incontournable de la saison ! Le meeting de Toulon (dans le d\u00e9partement du Var) proposera cette ann\u00e9e un show a\u00e9rien r\u00e9unissant la Patrouille de France, l\u2019\u00e9quipe de Voltige de l\u2019Arm\u00e9e de l\u2019Air et de l\u2019Espace, le Rafale Solo Display ou encore une d\u00e9monstration de sauvetage avec un h\u00e9licopt\u00e8re, un passage du Dassault Falcon 50M ou encore une d\u00e9monstration d\u2019un Atlantique 2 (con\u00e7u \u00e0 l\u2019origine par Breguet, il est fabriqu\u00e9 par Dassault Aviation dans les ann\u00e9es 1960 et constitue l\u2019un des rares appareils sp\u00e9cialis\u00e9s dans la lutte anti-sous-marin).<\/p>\n<p>Au sol, comme \u00e0 chaque \u00e9dition, de nombreuses animations, avec notamment une fan zone mise en place cette ann\u00e9e avec \u00ab de possibles restrictions de stationnement \u00bb, indique l\u2019organisation \u2013 vous voil\u00e0 pr\u00e9venus. Enfin, le spectacle sera total car d\u00e8s la fin du meeting, un feu d\u2019artifice sera tir\u00e9, avec un embrasement du c\u00e9l\u00e8bre Fort Saint-Louis. Et en option, peut-\u00eatre la pr\u00e9sence du porte-avions \u00ab Charles-de-Gaulle \u00bb, revenu en avril dans la rade de Toulon apr\u00e8s une mission de plus de cinq mois dans les eaux du Sud-Est asiatique.<\/p>\n<p>Meeting de Toulon. Le 15 ao\u00fbt 2025. \u00c0 partir de 16h. Port de Toulon et\/ou plages du Mourillon, 83000 Toulon.<\/p>\n","protected":false},"excerpt":{"rendered":"Comme chaque ann\u00e9e, le meeting de Toulon revient pour son show annuel du 15 ao\u00fbt, avec le traditionnel&hellip;\n","protected":false},"author":2,"featured_media":300834,"comment_status":"","ping_status":"","sticky":false,"template":"","format":"standard","meta":{"footnotes":""},"categories":[9619],"tags":[1111,11,1777,674,1011,27,12,882,25,2310],"class_list":{"0":"post-300833","1":"post","2":"type-post","3":"status-publish","4":"format-standard","5":"has-post-thumbnail","7":"category-toulon","8":"tag-actu","9":"tag-actualites","10":"tag-eu","11":"tag-europe","12":"tag-fr","13":"tag-france","14":"tag-news","15":"tag-provence-alpes-cote-dazur","16":"tag-republique-francaise","17":"tag-toulon"},"share_on_mastodon":{"url":"https:\/\/pubeurope.com\/@fr\/114982917482029737","error":""},"_links":{"self":[{"href":"https:\/\/www.europesays.com\/fr\/wp-json\/wp\/v2\/posts\/300833","targetHints":{"allow":["GET"]}}],"collection":[{"href":"https:\/\/www.europesays.com\/fr\/wp-json\/wp\/v2\/posts"}],"about":[{"href":"https:\/\/www.europesays.com\/fr\/wp-json\/wp\/v2\/types\/post"}],"author":[{"embeddable":true,"href":"https:\/\/www.europesays.com\/fr\/wp-json\/wp\/v2\/users\/2"}],"replies":[{"embeddable":true,"href":"https:\/\/www.europesays.com\/fr\/wp-json\/wp\/v2\/comments?post=300833"}],"version-history":[{"count":0,"href":"https:\/\/www.europesays.com\/fr\/wp-json\/wp\/v2\/posts\/300833\/revisions"}],"wp:featuredmedia":[{"embeddable":true,"href":"https:\/\/www.europesays.com\/fr\/wp-json\/wp\/v2\/media\/300834"}],"wp:attachment":[{"href":"https:\/\/www.europesays.com\/fr\/wp-json\/wp\/v2\/media?parent=300833"}],"wp:term":[{"taxonomy":"category","embeddable":true,"href":"https:\/\/www.europesays.com\/fr\/wp-json\/wp\/v2\/categories?post=300833"},{"taxonomy":"post_tag","embeddable":true,"href":"https:\/\/www.europesays.com\/fr\/wp-json\/wp\/v2\/tags?post=300833"}],"curies":[{"name":"wp","href":"https:\/\/api.w.org\/{rel}","templated":true}]}}