{"id":300835,"date":"2025-08-06T17:07:11","date_gmt":"2025-08-06T17:07:11","guid":{"rendered":"https:\/\/www.europesays.com\/fr\/300835\/"},"modified":"2025-08-06T17:07:11","modified_gmt":"2025-08-06T17:07:11","slug":"mathis-ferte-justifie-son-choix-de-rejoindre-toulon-et-devoile-ce-qui-a-pese-dans-la-balance","status":"publish","type":"post","link":"https:\/\/www.europesays.com\/fr\/300835\/","title":{"rendered":"Mathis Fert\u00e9 justifie son choix de rejoindre Toulon et d\u00e9voile ce qui a pes\u00e9 dans la balance !"},"content":{"rendered":"<p>\u00c0 22 ans, Mathis Ferte a quitt\u00e9 Brive pour rejoindre Toulon cet \u00e9t\u00e9. Sept saisons chez les Coujous derri\u00e8re lui, une nouvelle aventure sur la Rade devant.<\/p>\n<p>L\u2019ancien ailier Briviste s\u2019est confi\u00e9 longuement \u00e0 <a href=\"https:\/\/www.rugbyrama.fr\/2025\/08\/06\/top-14-mathis-ferte-au-rct-gamin-javais-appris-par-coeur-le-pilou-pilou-12862968.php\" rel=\"nofollow noopener\" target=\"_blank\">Midi Olympique<\/a> sur ce virage dans sa jeune carri\u00e8re.<\/p>\n<p><strong>L\u2019arriv\u00e9e \u00e0 Toulon ne s\u2019est pas faite sur un coup de t\u00eate. Extrait :<\/strong><\/p>\n<p>\u00abSans mentir, tout s\u2019est fait assez naturellement. Je ne me suis jamais trop pris la t\u00eate, je fonctionne beaucoup \u00e0 l\u2019instinct. Quand j\u2019ai su que Toulon \u00e9tait entr\u00e9 en contact, j\u2019ai dit que j\u2019\u00e9tais int\u00e9ress\u00e9. Pierre (Mignoni, NDLR) m\u2019a alors appel\u00e9. J\u2019ai vraiment accroch\u00e9 \u00e0 son discours, \u00e0 son projet qui est hyper int\u00e9ressant. C\u2019\u00e9tait une suite logique de rejoindre Toulon. J\u2019ai ressenti que c\u2019\u00e9tait le bon moment pour partir de Brive. Je sors d\u2019une aventure de sept ans, et je ne regrette rien de ce que j\u2019ai pu faire \u00e0 Brive. J\u2019ai fait sept belles ann\u00e9es, j\u2019ai v\u00e9cu de merveilleux moments, j\u2019ai rencontr\u00e9 de superbes personnes. M\u00eame s\u2019il y a cette demi-finale\u2026 C\u2019est la loi du sport\u00a0! On ne peut pas revenir en arri\u00e8re. Je ne pense plus \u00e0 cet \u00e9chec, et je me projette sur cette nouvelle aventure passionnante.\u00bb<\/p>\n<p><strong>Et l\u2019abondante colonie briviste sur la Rade a clairement pes\u00e9 dans la balance. Extrait :<\/strong><\/p>\n<p>\u00ab Honn\u00eatement, c\u2019est un facteur qui rassure. J\u2019ai jou\u00e9 avec Enzo (Herv\u00e9), Dany (Brennan), Esteban (Abadie), Seta (Setariki Tuicuvu). C\u2019est forc\u00e9ment une aide quand on arrive dans un autre club. Bien \u00e9videmment, avant de faire mon choix, j\u2019ai eu des discussions notamment avec Dany, Esteban et Enzo. Ce sont des joueurs avec qui je m\u2019entendais\u00a0tr\u00e8s bien \u00e0 Brive. Ils m\u2019ont racont\u00e9 la vie ici, le groupe, la ville, le club. Ils m\u2019ont tous dit que c\u2019\u00e9tait incroyable. Ce sont des gars de confiance, et \u00e7a m\u2019a motiv\u00e9 \u00e0 relever ce d\u00e9fi. S\u2019ils sont \u00e9panouis, je me suis dit\u00a0: \u00ab\u00a0Il n\u2019y a pas de raison que \u00e7a ne plaise pas.\u00a0\u00bb Je connais aussi des mecs de l\u2019\u00e9quipe de France moins de 20 ans comme Jo\u00e9 (Qu\u00e9r\u00e9-Karaba), ou Corentin (M\u00e9zou). C\u2019est vraiment cool de tous les retrouver\u00a0! \u00bb<\/p>\n","protected":false},"excerpt":{"rendered":"\u00c0 22 ans, Mathis Ferte a quitt\u00e9 Brive pour rejoindre Toulon cet \u00e9t\u00e9. Sept saisons chez les Coujous&hellip;\n","protected":false},"author":2,"featured_media":283638,"comment_status":"","ping_status":"","sticky":false,"template":"","format":"standard","meta":{"footnotes":""},"categories":[9619],"tags":[1111,11,1777,674,1011,27,12,882,25,2310],"class_list":{"0":"post-300835","1":"post","2":"type-post","3":"status-publish","4":"format-standard","5":"has-post-thumbnail","7":"category-toulon","8":"tag-actu","9":"tag-actualites","10":"tag-eu","11":"tag-europe","12":"tag-fr","13":"tag-france","14":"tag-news","15":"tag-provence-alpes-cote-dazur","16":"tag-republique-francaise","17":"tag-toulon"},"share_on_mastodon":{"url":"https:\/\/pubeurope.com\/@fr\/114982921401860860","error":""},"_links":{"self":[{"href":"https:\/\/www.europesays.com\/fr\/wp-json\/wp\/v2\/posts\/300835","targetHints":{"allow":["GET"]}}],"collection":[{"href":"https:\/\/www.europesays.com\/fr\/wp-json\/wp\/v2\/posts"}],"about":[{"href":"https:\/\/www.europesays.com\/fr\/wp-json\/wp\/v2\/types\/post"}],"author":[{"embeddable":true,"href":"https:\/\/www.europesays.com\/fr\/wp-json\/wp\/v2\/users\/2"}],"replies":[{"embeddable":true,"href":"https:\/\/www.europesays.com\/fr\/wp-json\/wp\/v2\/comments?post=300835"}],"version-history":[{"count":0,"href":"https:\/\/www.europesays.com\/fr\/wp-json\/wp\/v2\/posts\/300835\/revisions"}],"wp:featuredmedia":[{"embeddable":true,"href":"https:\/\/www.europesays.com\/fr\/wp-json\/wp\/v2\/media\/283638"}],"wp:attachment":[{"href":"https:\/\/www.europesays.com\/fr\/wp-json\/wp\/v2\/media?parent=300835"}],"wp:term":[{"taxonomy":"category","embeddable":true,"href":"https:\/\/www.europesays.com\/fr\/wp-json\/wp\/v2\/categories?post=300835"},{"taxonomy":"post_tag","embeddable":true,"href":"https:\/\/www.europesays.com\/fr\/wp-json\/wp\/v2\/tags?post=300835"}],"curies":[{"name":"wp","href":"https:\/\/api.w.org\/{rel}","templated":true}]}}