{"id":300842,"date":"2025-08-06T17:11:11","date_gmt":"2025-08-06T17:11:11","guid":{"rendered":"https:\/\/www.europesays.com\/fr\/300842\/"},"modified":"2025-08-06T17:11:11","modified_gmt":"2025-08-06T17:11:11","slug":"un-commercant-de-rouen-en-garde-a-vue-pour-le-viol-dune-adolescente-de-16-ans","status":"publish","type":"post","link":"https:\/\/www.europesays.com\/fr\/300842\/","title":{"rendered":"Un commer\u00e7ant de Rouen en garde \u00e0 vue pour le viol d&rsquo;une adolescente de 16 ans"},"content":{"rendered":"<p>Un homme de 29 ans, patron d&rsquo;un commerce dans le centre-ville de Rouen, a \u00e9t\u00e9 interpell\u00e9 mercredi 6 ao\u00fbt 2025, devant son domicile. Il est suspect\u00e9 d&rsquo;\u00eatre l&rsquo;auteur d&rsquo;un viol sur une adolescente \u00e2g\u00e9e de 16 ans.<\/p>\n<p>INFORMATION ICI NORMANDIE. Un homme \u00e2g\u00e9 de <strong>29 ans a \u00e9t\u00e9 interpell\u00e9 et plac\u00e9 en garde \u00e0 vue<\/strong> pour le <strong>viol d&rsquo;une mineure<\/strong> de 16 ans, mercredi 6 ao\u00fbt 2025. Il s&rsquo;agit d&rsquo;<strong>un commer\u00e7ant<\/strong> arr\u00eat\u00e9 par les policiers devant son domicile, situ\u00e9e rive gauche, \u00e0 l&rsquo;int\u00e9rieur duquel une adolescente affirme avoir \u00e9t\u00e9 viol\u00e9e.<\/p>\n<p>Elle ne se souvient de rien<\/p>\n<p>Selon des sources judiciaires concordantes, les faits se sont produits dans l&rsquo;appartement du jeune trentenaire, dans la nuit 4 au 5 ao\u00fbt. La victime, qui a d\u00e9pos\u00e9 plainte ce mercredi matin, explique <strong>s&rsquo;\u00eatre rendue chez cet individu vers 23h30<\/strong>.\u00a0Elle connaissait le suspect pour avoir effectu\u00e9 un stage dans son magasin, situ\u00e9 dans le centre-ville, rive droite. Elle affirme aux enqu\u00eateurs <strong>avoir pris un verre et n&rsquo;avoir plus aucun souvenir.<\/strong><\/p>\n<p>Nombreuses blessures sur le corps<\/p>\n<p>L&rsquo;adolescente s&rsquo;est r\u00e9veill\u00e9e mardi vers 15 heures, seule dans l&rsquo;appartement, sans aucun souvenir, avec <strong>de nombreuses blessures<\/strong> sur le corps. Elle a pu se r\u00e9fugier chez des proches qui ont alert\u00e9 la police.\u00a0Le suspect a \u00e9t\u00e9 identifi\u00e9 et interpell\u00e9 devant chez lui, ce mercredi matin, vers 6 heures. Selon nos informations, l&rsquo;homme est <strong>connu des services de police pour exhibition et tentative de viol<\/strong> notamment. Une enqu\u00eate est ouverte pour viol. Le parquet de Rouen, n&rsquo;a pour l&rsquo;heure, pas r\u00e9pondu \u00e0 nos sollicitations.<\/p>\n","protected":false},"excerpt":{"rendered":"Un homme de 29 ans, patron d&rsquo;un commerce dans le centre-ville de Rouen, a \u00e9t\u00e9 interpell\u00e9 mercredi 6&hellip;\n","protected":false},"author":2,"featured_media":300843,"comment_status":"","ping_status":"","sticky":false,"template":"","format":"standard","meta":{"footnotes":""},"categories":[9587],"tags":[1111,11,1777,674,1011,27,12,5161,25,9590],"class_list":{"0":"post-300842","1":"post","2":"type-post","3":"status-publish","4":"format-standard","5":"has-post-thumbnail","7":"category-rouen","8":"tag-actu","9":"tag-actualites","10":"tag-eu","11":"tag-europe","12":"tag-fr","13":"tag-france","14":"tag-news","15":"tag-normandie","16":"tag-republique-francaise","17":"tag-rouen"},"share_on_mastodon":{"url":"https:\/\/pubeurope.com\/@fr\/114982937119873006","error":""},"_links":{"self":[{"href":"https:\/\/www.europesays.com\/fr\/wp-json\/wp\/v2\/posts\/300842","targetHints":{"allow":["GET"]}}],"collection":[{"href":"https:\/\/www.europesays.com\/fr\/wp-json\/wp\/v2\/posts"}],"about":[{"href":"https:\/\/www.europesays.com\/fr\/wp-json\/wp\/v2\/types\/post"}],"author":[{"embeddable":true,"href":"https:\/\/www.europesays.com\/fr\/wp-json\/wp\/v2\/users\/2"}],"replies":[{"embeddable":true,"href":"https:\/\/www.europesays.com\/fr\/wp-json\/wp\/v2\/comments?post=300842"}],"version-history":[{"count":0,"href":"https:\/\/www.europesays.com\/fr\/wp-json\/wp\/v2\/posts\/300842\/revisions"}],"wp:featuredmedia":[{"embeddable":true,"href":"https:\/\/www.europesays.com\/fr\/wp-json\/wp\/v2\/media\/300843"}],"wp:attachment":[{"href":"https:\/\/www.europesays.com\/fr\/wp-json\/wp\/v2\/media?parent=300842"}],"wp:term":[{"taxonomy":"category","embeddable":true,"href":"https:\/\/www.europesays.com\/fr\/wp-json\/wp\/v2\/categories?post=300842"},{"taxonomy":"post_tag","embeddable":true,"href":"https:\/\/www.europesays.com\/fr\/wp-json\/wp\/v2\/tags?post=300842"}],"curies":[{"name":"wp","href":"https:\/\/api.w.org\/{rel}","templated":true}]}}