{"id":300849,"date":"2025-08-06T17:15:24","date_gmt":"2025-08-06T17:15:24","guid":{"rendered":"https:\/\/www.europesays.com\/fr\/300849\/"},"modified":"2025-08-06T17:15:24","modified_gmt":"2025-08-06T17:15:24","slug":"encore-un-ancien-marseillais-cible-pour-renforcer-les-ailes","status":"publish","type":"post","link":"https:\/\/www.europesays.com\/fr\/300849\/","title":{"rendered":"Encore un ancien Marseillais cibl\u00e9 pour renforcer les ailes !"},"content":{"rendered":"<p>                                            Publi\u00e9 le 06\/08\/2025 \u00e0 17h31<br \/>\n                                                                                3 minutes de lecture\n                                                                    <\/p>\n<p>Le mercato estival continue de r\u00e9server des surprises avec le dossier <strong>Cengiz \u00dcnder<\/strong>, l\u00a0\u00bbancien ailier de l&rsquo;Olympique de Marseille qui pourrait conna\u00eetre un nouveau rebondissement dans sa carri\u00e8re. \u00c2g\u00e9 de <strong>28 ans<\/strong> et actuellement sous contrat avec Fenerbah\u00e7e, l&rsquo;international turc traverse une p\u00e9riode d\u00e9licate en Turquie, ce qui ouvre la porte \u00e0 un potentiel retour en Ligue 1. Le <strong>Stade Rennais<\/strong> s&rsquo;est positionn\u00e9 comme un pr\u00e9tendant s\u00e9rieux pour r\u00e9cup\u00e9rer les services de ce joueur offensif exp\u00e9riment\u00e9, dans le cadre de sa strat\u00e9gie de renforcement pour la nouvelle saison. Cette piste s&rsquo;inscrit dans la continuit\u00e9 des mouvements observ\u00e9s entre la Bretagne et Marseille, apr\u00e8s les transferts de <strong>Rongier et Merlin<\/strong>, t\u00e9moignant d&rsquo;une certaine interconnexion entre les deux clubs dans leurs op\u00e9rations de recrutement.<\/p>\n<p>                                <img decoding=\"async\" src=\"https:\/\/www.europesays.com\/fr\/wp-content\/uploads\/2025\/04\/1744123449_543_logo.png\" alt=\"Logo\"\/><\/p>\n<p>100\u20ac offerts sur ton 1er pari !<\/p>\n<p>                            <a href=\"https:\/\/bit.ly\/4j5wl4k\" class=\"headband-button\" rel=\"nofollow noopener\" target=\"_blank\">J&rsquo;en profite<\/a><\/p>\n<p>                                                                <img loading=\"lazy\" decoding=\"async\" src=\"https:\/\/www.europesays.com\/fr\/wp-content\/uploads\/2025\/08\/mercato-rennes-encore-un-ancien-marseillais-cible-pour-renforcer-les-ailes.jpg\" alt=\"Illustration : &quot;Mercato Rennes : Encore un ancien Marseillais cibl\u00e9 pour renforcer les ailes !&quot;\" class=\"figure-img img-fluid\" width=\"780\" height=\"478\"\/><\/p>\n<p>                                    \u00a9 Site officiel du Stade Rennais                                <\/p>\n<p>Une situation compliqu\u00e9e \u00e0 Fenerbah\u00e7e<\/p>\n<p>La situation de <strong>Cengiz \u00dcnder<\/strong> au sein du club stambouliote s&rsquo;est consid\u00e9rablement d\u00e9grad\u00e9e ces derniers mois. Selon les informations rapport\u00e9es par <strong>Hurriyet<\/strong>, l&rsquo;ailier turc vit des moments particuli\u00e8rement difficiles sous les ordres de Jos\u00e9 Mourinho. Les blessures \u00e0 r\u00e9p\u00e9tition ont consid\u00e9rablement handicap\u00e9 ses performances, cr\u00e9ant un cercle vicieux qui affecte directement son temps de jeu et sa confiance. Son <strong>rendement en dents de scie<\/strong> n&rsquo;a pas \u00e9chapp\u00e9 \u00e0 l&rsquo;attention du technicien portugais, qui a pris une d\u00e9cision forte en ne le retenant pas pour le tour pr\u00e9liminaire de Ligue des champions. Cette mise \u00e0 l&rsquo;\u00e9cart constitue un signal clair de la part de l&rsquo;entra\u00eeneur, qui ne semble plus compter sur les services de l&rsquo;ancien marseillais pour ses plans tactiques de la saison \u00e0 venir. Cette situation d\u00e9licate ouvre naturellement la voie \u00e0 un d\u00e9part, d&rsquo;autant que le joueur pourrait \u00eatre tent\u00e9 par un nouveau challenge pour relancer sa carri\u00e8re.<\/p>\n<p>L&rsquo;int\u00e9r\u00eat concret du Stade Rennais<\/p>\n<p>Face \u00e0 cette opportunit\u00e9 de march\u00e9, le <strong>Stade Rennais<\/strong> a manifest\u00e9 un int\u00e9r\u00eat concret pour r\u00e9cup\u00e9rer Cengiz \u00dcnder. Le club breton, toujours en qu\u00eate d&rsquo;un joueur percutant sur le plan offensif, voit dans l&rsquo;international turc un profil susceptible d&rsquo;apporter la cr\u00e9ativit\u00e9 et l&rsquo;exp\u00e9rience n\u00e9cessaires \u00e0 son secteur offensif. La valorisation du joueur, estim\u00e9e \u00e0 environ <strong>12 millions d&rsquo;euros<\/strong>, reste dans une fourchette accessible pour les finances rennaises, d&rsquo;autant que les circonstances particuli\u00e8res \u00e0 Fenerbah\u00e7e pourraient favoriser une n\u00e9gociation. L&rsquo;ancien joueur de l&rsquo;OM pourrait \u00eatre s\u00e9duit par un retour en <strong>Ligue 1<\/strong>, championnat qu&rsquo;il conna\u00eet bien et o\u00f9 il a laiss\u00e9 une image honorable lors de son passage marseillais. Le projet de jeu impuls\u00e9 par <strong>Habib Beye<\/strong> au Stade Rennais pourrait parfaitement convenir au style de l&rsquo;ailier turc, qui retrouverait un environnement familier pour se relancer apr\u00e8s ses difficult\u00e9s stambouliotes.<\/p>\n<p>Une strat\u00e9gie de recrutement coh\u00e9rente<\/p>\n<p>Cette piste s&rsquo;inscrit parfaitement dans la strat\u00e9gie mercato men\u00e9e par <strong>Lo\u00efc D\u00e9sir\u00e9<\/strong> et la direction rennaise. Apr\u00e8s un exercice pr\u00e9c\u00e9dent d\u00e9cevant, le club breton a clairement affich\u00e9 sa volont\u00e9 de renforcer la qualit\u00e9 globale de son effectif. L&rsquo;arriv\u00e9e potentielle d&rsquo;\u00dcnder repr\u00e9senterait le coup parfait pour donner un nouveau souffle au jeu des Rouge et Noir, selon les observateurs du dossier. Ce profil exp\u00e9riment\u00e9 pourrait apporter la dimension technique et la maturit\u00e9 n\u00e9cessaires \u00e0 une \u00e9quipe en reconstruction. Ce n&rsquo;est pas la premi\u00e8re fois que le nom de Cengiz \u00dcnder est \u00e9voqu\u00e9 cet \u00e9t\u00e9 en ligue 1, confirmant l&rsquo;int\u00e9r\u00eat persistant des clubs fran\u00e7ais pour ses services. Reste d\u00e9sormais \u00e0 voir si les dirigeants rennais passeront \u00e0 l&rsquo;action concr\u00e8te pour boucler ce dossier prometteur.<\/p>\n<p>Vendredi 15 ao\u00fbt, la Ligue 1 reprend ses droits avec un choc entre le Stade Rennais et l\u2019Olympique de Marseille au Roazhon Park. \u00c0 cette occasion, profitez de 100\u20ac offerts pour votre premi\u00e8re inscription sur Parions Sport en Ligne. <a href=\"http:\/\/bit.ly\/4hgs1yE\" rel=\"nofollow noopener\" target=\"_blank\"><strong>Une victoire du Stade Rennais devant son public face \u00e0 l\u2019OM vous rapporte jusqu\u2019\u00e0 315\u20ac !<\/strong><\/a><\/p>\n<p><strong>Pour en profiter, c\u2019est tr\u00e8s simple :<\/strong><\/p>\n<p>&#8211;              Cr\u00e9ez votre compte joueur en seulement 2 \u00e9tapes <a href=\"http:\/\/bit.ly\/4hgs1yE\" rel=\"nofollow noopener\" target=\"_blank\"><strong>ici<\/strong><\/a><\/p>\n<p>&#8211;              R\u00e9alisez votre 1er d\u00e9p\u00f4t puis placez votre 1er pari (Minimum 5\u20ac)<\/p>\n<p>&#8211;              Une fois votre 1er d\u00e9p\u00f4t et votre 1er pari r\u00e9alis\u00e9s, l\u2019int\u00e9gralit\u00e9 du montant de ce 1er pari sera cr\u00e9dit\u00e9e sur votre compte joueur dans la limite de 100\u20ac maximum et sous la forme de cr\u00e9dits de jeu non retirables. Le cr\u00e9dit s\u2019effectuera alors en une seule \u00e9tape et sous 3 jours<\/p>\n<p>Jouer comporte des risques : endettement, d\u00e9pendance\u2026 Appelez le 09 74 75 13 13 (appel non surtax\u00e9)<\/p>\n","protected":false},"excerpt":{"rendered":"Publi\u00e9 le 06\/08\/2025 \u00e0 17h31 3 minutes de lecture Le mercato estival continue de r\u00e9server des surprises avec&hellip;\n","protected":false},"author":2,"featured_media":300850,"comment_status":"","ping_status":"","sticky":false,"template":"","format":"standard","meta":{"footnotes":""},"categories":[2821],"tags":[1111,11,829,1777,674,1011,27,12,584,25],"class_list":{"0":"post-300849","1":"post","2":"type-post","3":"status-publish","4":"format-standard","5":"has-post-thumbnail","7":"category-rennes","8":"tag-actu","9":"tag-actualites","10":"tag-bretagne","11":"tag-eu","12":"tag-europe","13":"tag-fr","14":"tag-france","15":"tag-news","16":"tag-rennes","17":"tag-republique-francaise"},"share_on_mastodon":{"url":"https:\/\/pubeurope.com\/@fr\/114982953095003608","error":""},"_links":{"self":[{"href":"https:\/\/www.europesays.com\/fr\/wp-json\/wp\/v2\/posts\/300849","targetHints":{"allow":["GET"]}}],"collection":[{"href":"https:\/\/www.europesays.com\/fr\/wp-json\/wp\/v2\/posts"}],"about":[{"href":"https:\/\/www.europesays.com\/fr\/wp-json\/wp\/v2\/types\/post"}],"author":[{"embeddable":true,"href":"https:\/\/www.europesays.com\/fr\/wp-json\/wp\/v2\/users\/2"}],"replies":[{"embeddable":true,"href":"https:\/\/www.europesays.com\/fr\/wp-json\/wp\/v2\/comments?post=300849"}],"version-history":[{"count":0,"href":"https:\/\/www.europesays.com\/fr\/wp-json\/wp\/v2\/posts\/300849\/revisions"}],"wp:featuredmedia":[{"embeddable":true,"href":"https:\/\/www.europesays.com\/fr\/wp-json\/wp\/v2\/media\/300850"}],"wp:attachment":[{"href":"https:\/\/www.europesays.com\/fr\/wp-json\/wp\/v2\/media?parent=300849"}],"wp:term":[{"taxonomy":"category","embeddable":true,"href":"https:\/\/www.europesays.com\/fr\/wp-json\/wp\/v2\/categories?post=300849"},{"taxonomy":"post_tag","embeddable":true,"href":"https:\/\/www.europesays.com\/fr\/wp-json\/wp\/v2\/tags?post=300849"}],"curies":[{"name":"wp","href":"https:\/\/api.w.org\/{rel}","templated":true}]}}