{"id":300859,"date":"2025-08-06T17:20:25","date_gmt":"2025-08-06T17:20:25","guid":{"rendered":"https:\/\/www.europesays.com\/fr\/300859\/"},"modified":"2025-08-06T17:20:25","modified_gmt":"2025-08-06T17:20:25","slug":"pousse-a-leau-a-nantes-pour-un-vol-de-telephone","status":"publish","type":"post","link":"https:\/\/www.europesays.com\/fr\/300859\/","title":{"rendered":"Pouss\u00e9 \u00e0 l\u2019eau \u00e0 Nantes pour un vol de t\u00e9l\u00e9phone"},"content":{"rendered":"<p>Dans la nuit du mardi\u00a05 au mercredi 6\u00a0ao\u00fbt 2025, un pi\u00e9ton a \u00e9t\u00e9 agress\u00e9 puis pouss\u00e9 dans l\u2019Erdre depuis le pont Saint-Mihiel \u00e0 Nantes. Des t\u00e9moins l\u2019ont secouru. Quatre hommes ont \u00e9t\u00e9 interpell\u00e9s.<\/p>\n<p>La chute aurait pu \u00eatre dramatique.<\/p>\n<p>Peu avant 1\u00a0h du matin dans la nuit du mardi\u00a05 au mercredi 6\u00a0ao\u00fbt 2025, un pi\u00e9ton a \u00e9t\u00e9 pris pour cible pr\u00e8s du pont Saint-Mihiel par un groupe alcoolis\u00e9 qui, selon son r\u00e9cit, cherchait \u00e0 d\u00e9rober son t\u00e9l\u00e9phone.<\/p>\n<p>Victime de coups de pied et coups de poing, la victime a \u00e9t\u00e9 par la suite pouss\u00e9e dans l\u2019Erdre depuis l\u2019ouvrage. Ce sont des passants qui l\u2019ont secourue et sortie de l\u2019eau.<\/p>\n<p>Quatre personnes interpell\u00e9es<\/p>\n<p>L\u2019alerte donn\u00e9e, la Brigade anticriminalit\u00e9 (BAC) a rapidement rep\u00e9r\u00e9 un groupe de quatre personnes rue de Sully, non loin du lieu de l\u2019agression. Reconnus par la victime, trois suspects de 31 et 32\u00a0ans ont \u00e9t\u00e9 aussit\u00f4t interpell\u00e9s. Le quatri\u00e8me, 27\u00a0ans, a tent\u00e9 de frapper un policier lors du contr\u00f4le. Il se trouve lui aussi en garde \u00e0 vue au commissariat central de Waldeck-Rousseau pour r\u00e9bellion.<\/p>\n<p>\u00a0<\/p>\n","protected":false},"excerpt":{"rendered":"Dans la nuit du mardi\u00a05 au mercredi 6\u00a0ao\u00fbt 2025, un pi\u00e9ton a \u00e9t\u00e9 agress\u00e9 puis pouss\u00e9 dans l\u2019Erdre&hellip;\n","protected":false},"author":2,"featured_media":300860,"comment_status":"","ping_status":"","sticky":false,"template":"","format":"standard","meta":{"footnotes":""},"categories":[2818],"tags":[1111,11,4858,1777,674,1011,27,766,12,2636,42979,25,319,1175],"class_list":{"0":"post-300859","1":"post","2":"type-post","3":"status-publish","4":"format-standard","5":"has-post-thumbnail","7":"category-nantes","8":"tag-actu","9":"tag-actualites","10":"tag-eau","11":"tag-eu","12":"tag-europe","13":"tag-fr","14":"tag-france","15":"tag-nantes","16":"tag-news","17":"tag-pays-de-la-loire","18":"tag-pousse","19":"tag-republique-francaise","20":"tag-telephone","21":"tag-vol"},"share_on_mastodon":{"url":"https:\/\/pubeurope.com\/@fr\/114982972530219303","error":""},"_links":{"self":[{"href":"https:\/\/www.europesays.com\/fr\/wp-json\/wp\/v2\/posts\/300859","targetHints":{"allow":["GET"]}}],"collection":[{"href":"https:\/\/www.europesays.com\/fr\/wp-json\/wp\/v2\/posts"}],"about":[{"href":"https:\/\/www.europesays.com\/fr\/wp-json\/wp\/v2\/types\/post"}],"author":[{"embeddable":true,"href":"https:\/\/www.europesays.com\/fr\/wp-json\/wp\/v2\/users\/2"}],"replies":[{"embeddable":true,"href":"https:\/\/www.europesays.com\/fr\/wp-json\/wp\/v2\/comments?post=300859"}],"version-history":[{"count":0,"href":"https:\/\/www.europesays.com\/fr\/wp-json\/wp\/v2\/posts\/300859\/revisions"}],"wp:featuredmedia":[{"embeddable":true,"href":"https:\/\/www.europesays.com\/fr\/wp-json\/wp\/v2\/media\/300860"}],"wp:attachment":[{"href":"https:\/\/www.europesays.com\/fr\/wp-json\/wp\/v2\/media?parent=300859"}],"wp:term":[{"taxonomy":"category","embeddable":true,"href":"https:\/\/www.europesays.com\/fr\/wp-json\/wp\/v2\/categories?post=300859"},{"taxonomy":"post_tag","embeddable":true,"href":"https:\/\/www.europesays.com\/fr\/wp-json\/wp\/v2\/tags?post=300859"}],"curies":[{"name":"wp","href":"https:\/\/api.w.org\/{rel}","templated":true}]}}