{"id":300875,"date":"2025-08-06T17:28:12","date_gmt":"2025-08-06T17:28:12","guid":{"rendered":"https:\/\/www.europesays.com\/fr\/300875\/"},"modified":"2025-08-06T17:28:12","modified_gmt":"2025-08-06T17:28:12","slug":"le-corps-dune-femme-en-etat-de-decomposition-avancee-decouvert-pres-de-marseille-ce-que-lon-sait","status":"publish","type":"post","link":"https:\/\/www.europesays.com\/fr\/300875\/","title":{"rendered":"Le corps d&rsquo;une femme en \u00ab\u00a0\u00e9tat de d\u00e9composition avanc\u00e9e\u00a0\u00bb d\u00e9couvert pr\u00e8s de Marseille : ce que l&rsquo;on sait"},"content":{"rendered":"<p>            Par<br \/>\n        <strong><br \/>\n            <a href=\"https:\/\/actu.fr\/auteur\/fabien-binacchi\" title=\"Consulter tous les articles de Fabien Binacchi\" rel=\"nofollow noopener\" target=\"_blank\">Fabien Binacchi<\/a><br \/>\n        <\/strong><\/p>\n<p>        Publi\u00e9 le<\/p>\n<p>            6 ao\u00fbt 2025 \u00e0 15h59        <\/p>\n<p>Une d\u00e9couverte macabre. Ce lundi 4\u00a0ao\u00fbt 2025, en d\u00e9but de soir\u00e9e, les <a href=\"https:\/\/actu.fr\/tag\/pompiers\" rel=\"nofollow noopener\" target=\"_blank\">pompiers<\/a> des <a href=\"https:\/\/actu.fr\/provence-alpes-cote-d-azur\/bouches-du-rhone_13\" rel=\"nofollow noopener\" target=\"_blank\">Bouches-du-Rh\u00f4ne<\/a> ont retrouv\u00e9 un corps en \u00ab\u2009\u00e9tat de d\u00e9composition avanc\u00e9e\u2009\u00bb dans <strong>un appartement d\u2019<a href=\"https:\/\/actu.fr\/provence-alpes-cote-d-azur\/aix-en-provence_13001\" rel=\"nofollow noopener\" target=\"_blank\">Aix-en-Provence<\/a>,<\/strong> apprend <a href=\"https:\/\/actu.fr\/marseille\/\" rel=\"nofollow noopener\" target=\"_blank\">actu Marseille<\/a> de source polici\u00e8re, confirmant une information de <a href=\"https:\/\/www.laprovence.com\/article\/faits-divers-justice\/19035969962807\/le-corps-en-decomposition-dune-femme-de-39-ans-decouvert-dans-son-appartement-a-aix\" rel=\"nofollow noopener\" target=\"_blank\">La Provence.<\/a><\/p>\n<p class=\" wall-content\">La victime est une femme,<strong> \u00e2g\u00e9e de 39\u00a0ans.<\/strong><\/p>\n<p>Une odeur \u00ab\u2009insupportable\u2009\u00bb<\/p>\n<p class=\" wall-content\">L\u2019occupante du logement, situ\u00e9 au deuxi\u00e8me \u00e9tage d\u2019un immeuble de la rue des prix Nobel, dans le quartier de la Duranne, au sud-ouest d\u2019Aix-en-Provence, <strong>n\u2019avait pas donn\u00e9 signe de vie depuis plusieurs jours,<\/strong> selon les t\u00e9moignages relev\u00e9s sur place.<\/p>\n<p>    <a href=\"https:\/\/www.google.com\/maps\/embed?pb=!1m18!1m12!1m3!1d3120.9192257697814!2d5.3434192119735435!3d43.486360670990024!2m3!1f0!2f0!3f0!3m2!1i1024!2i768!4f13.1!3m3!1m2!1s0x12c9eda5b0497407%3A0xed56f980ec4be24b!2sRue%20des%20Prix%20Nobel%2C%2013290%20Aix-en-Provence!5e1!3m2!1sfr!2sfr!4v1754485631011!5m2!1sfr!2sfr\" title=\"Ouvrie le lien\" rel=\"nofollow noopener\" target=\"_blank\">Cliquez ici pour visualiser le contenu<\/a><\/p>\n<p class=\" wall-content\">La peur qu\u2019un malheur lui soit arriv\u00e9 avait fini par gagner les autres habitants alert\u00e9s par <strong>l\u2019odeur \u00ab\u2009insupportable\u2009\u00bb et si particuli\u00e8re qui \u00e9manait de l\u2019appartement.<\/strong><\/p>\n<p class=\" wall-content\">Ces derniers ont fini par contacter les pompiers et le Samu ce lundi 4\u00a0ao\u00fbt 2025. C\u2019est vers 20h qu\u2019ils sont intervenus en escaladant les balcons et <strong>en fracturant une baie vitr\u00e9e.<\/strong><\/p>\n<p class=\" wall-content\"><strong>Une activit\u00e9 de prostitu\u00e9e<\/strong><\/p>\n<p class=\" wall-content\">Dans le logement, en grand d\u00e9sordre, les craintes se sont vite confirm\u00e9es\u2009: la femme g\u00eet dans un \u00e9tat de d\u00e9composition avanc\u00e9e. Elle repose vraisemblablement l\u00e0 depuis des jours, <strong>voire des semaines.<\/strong> Des documents m\u00e9dicaux sont retrouv\u00e9s.<\/p>\n<p class=\" wall-content\">D\u2019apr\u00e8s La Provence, la victime \u00e9tait connue des autorit\u00e9s.<\/p>\n<p class=\" wall-content\">Elle exer\u00e7ait une activit\u00e9 de prostitu\u00e9e.<\/p>\n<p>Ferm\u00e9 de l\u2019int\u00e9rieur<\/p>\n<p class=\" wall-content\">La <a href=\"https:\/\/actu.fr\/tag\/police\" rel=\"nofollow noopener\" target=\"_blank\">police<\/a> scientifique s\u2019est rendue sur place pour effectuer de nombreux relev\u00e9s. Et ce, m\u00eame si l\u2019appartement \u00e9tait <strong>verrouill\u00e9<\/strong> de l\u2019int\u00e9rieur \u00e0 l\u2019arriv\u00e9e des secours.<\/p>\n<blockquote class=\"ac-article-quote wall-content\">\n<p>Les circonstances nous poussent \u00e0 creuser cette affaire, mais \u00e0 ce stade, on ne peut pas s&rsquo;avancer davantage, il faut attendre les r\u00e9sultats de l&rsquo;autopsie.<\/p>\n<p>    <strong>Jean-Luc Blachon<\/strong><br \/>\n        Procureur d&rsquo;Aix-en-Provence, \u00e0 La Provence, le 4 ao\u00fbt    <\/p><\/blockquote>\n<p class=\" wall-content\">Contact\u00e9 par actu Marseille ce mercredi 6\u00a0ao\u00fbt, le magistrat n\u2019a pas r\u00e9pondu dans l\u2019imm\u00e9diat.<strong> Une enqu\u00eate est ouverte<\/strong> en \u00ab\u2009recherche des causes de la mort\u2009\u00bb.<\/p>\n<p class=\" wall-content\">Suivez toute l\u2019actualit\u00e9 de vos villes et m\u00e9dias favoris en vous inscrivant \u00e0 <a href=\"https:\/\/moncompte.actu.fr\" title=\"D\u00e9couvez Mon Actu\" rel=\"nofollow noopener\" data-trk=\"{&quot;cta&quot;:{&quot;action&quot;:&quot;https:\\\/\\\/moncompte.actu.fr&quot;,&quot;category&quot;:&quot;mon compte&quot;,&quot;from&quot;:&quot;article footer&quot;,&quot;name&quot;:&quot;Mon actu&quot;,&quot;type&quot;:&quot;cta&quot;}}\" target=\"_blank\">Mon Actu<\/a>.<\/p>\n","protected":false},"excerpt":{"rendered":"Par Fabien Binacchi Publi\u00e9 le 6 ao\u00fbt 2025 \u00e0 15h59 Une d\u00e9couverte macabre. Ce lundi 4\u00a0ao\u00fbt 2025, en&hellip;\n","protected":false},"author":2,"featured_media":300876,"comment_status":"","ping_status":"","sticky":false,"template":"","format":"standard","meta":{"footnotes":""},"categories":[2814],"tags":[1111,11,1777,674,118,1011,27,884,12,1072,1311,882,25],"class_list":{"0":"post-300875","1":"post","2":"type-post","3":"status-publish","4":"format-standard","5":"has-post-thumbnail","7":"category-marseille","8":"tag-actu","9":"tag-actualites","10":"tag-eu","11":"tag-europe","12":"tag-faits-divers","13":"tag-fr","14":"tag-france","15":"tag-marseille","16":"tag-news","17":"tag-police","18":"tag-pompiers","19":"tag-provence-alpes-cote-dazur","20":"tag-republique-francaise"},"share_on_mastodon":{"url":"https:\/\/pubeurope.com\/@fr\/114983004041776137","error":""},"_links":{"self":[{"href":"https:\/\/www.europesays.com\/fr\/wp-json\/wp\/v2\/posts\/300875","targetHints":{"allow":["GET"]}}],"collection":[{"href":"https:\/\/www.europesays.com\/fr\/wp-json\/wp\/v2\/posts"}],"about":[{"href":"https:\/\/www.europesays.com\/fr\/wp-json\/wp\/v2\/types\/post"}],"author":[{"embeddable":true,"href":"https:\/\/www.europesays.com\/fr\/wp-json\/wp\/v2\/users\/2"}],"replies":[{"embeddable":true,"href":"https:\/\/www.europesays.com\/fr\/wp-json\/wp\/v2\/comments?post=300875"}],"version-history":[{"count":0,"href":"https:\/\/www.europesays.com\/fr\/wp-json\/wp\/v2\/posts\/300875\/revisions"}],"wp:featuredmedia":[{"embeddable":true,"href":"https:\/\/www.europesays.com\/fr\/wp-json\/wp\/v2\/media\/300876"}],"wp:attachment":[{"href":"https:\/\/www.europesays.com\/fr\/wp-json\/wp\/v2\/media?parent=300875"}],"wp:term":[{"taxonomy":"category","embeddable":true,"href":"https:\/\/www.europesays.com\/fr\/wp-json\/wp\/v2\/categories?post=300875"},{"taxonomy":"post_tag","embeddable":true,"href":"https:\/\/www.europesays.com\/fr\/wp-json\/wp\/v2\/tags?post=300875"}],"curies":[{"name":"wp","href":"https:\/\/api.w.org\/{rel}","templated":true}]}}