{"id":300879,"date":"2025-08-06T17:30:10","date_gmt":"2025-08-06T17:30:10","guid":{"rendered":"https:\/\/www.europesays.com\/fr\/300879\/"},"modified":"2025-08-06T17:30:10","modified_gmt":"2025-08-06T17:30:10","slug":"un-ete-a-laquarium-de-lyon","status":"publish","type":"post","link":"https:\/\/www.europesays.com\/fr\/300879\/","title":{"rendered":"Un \u00e9t\u00e9 \u00e0 l&rsquo;Aquarium de Lyon !"},"content":{"rendered":"<p>Rendez-vous \u00e0 l&rsquo;Aquarium de Lyon pour un voyage aquatique inoubliable.<\/p>\n<p>\u00c0 chaque p\u00e9riode de vacances scolaires, <b>l&rsquo;Aquarium de Lyon<\/b> propose un programme riche et vari\u00e9, sp\u00e9cialement con\u00e7u pour divertir et \u00e9merveiller toute la famille.<\/p>\n<p>Ateliers connect\u00e9s \u00e0 l&rsquo;environnement : <\/p>\n<p>&#8211; <b>Jeudi 7 ao\u00fbt de 15h30 \u00e0 16h30<\/b> : tatouages \u00e9ph\u00e9m\u00e8res autour d&rsquo;animaux marins r\u00e9alis\u00e9s par Agathe et Lana, animatrices p\u00e9dagogiques. Effa\u00e7ables \u00e0 l&rsquo;huile d&rsquo;olive, ces tatouages sont parfaits pour un \u00e9t\u00e9 styl\u00e9 !<\/p>\n<p>Projection du film \u00ab\u00a0Le monde extraordinaire de Samy\u00a0\u00bb !<\/p>\n<p><b>Mercredi 13 ao\u00fbt de 15h30 \u00e0 17h00<\/b>, d\u00e9couvrez le r\u00e9cit sur le long p\u00e9riple d&rsquo;une tortue des mers, Samy, accompagn\u00e9 de son ami Ray, \u00e0 travers les oc\u00e9ans. Un m\u00e9lange d&rsquo;aventure et de sensibilisation environnementale.<\/p>\n<p>Infos pratiques : <br \/>&#8211; Adresse : 7 rue St\u00e9phane Dechant, 69350 La Mulati\u00e8re<br \/>&#8211; Tarifs : De 8\u20ac \u00e0 18\u20ac. Aucun suppl\u00e9ment n&rsquo;est requis pour assister aux animations.<br \/>&#8211; Horaires : Tous les jours, y compris jours f\u00e9ri\u00e9s, de 10h30 \u00e0 18h30 (derni\u00e8re entr\u00e9e \u00e0 17h30).<\/p>\n<p>Plus d&rsquo;infos et billetterie sur le site <a class=\"url\" href=\"https:\/\/www.aquariumlyon.fr\/le-programme-de-vos-vacances\/\/\/\" target=\"_blank\" rel=\"noopener\">Aquarium de Lyon<\/a>.<\/p>\n<p><\/p>\n","protected":false},"excerpt":{"rendered":"Rendez-vous \u00e0 l&rsquo;Aquarium de Lyon pour un voyage aquatique inoubliable. \u00c0 chaque p\u00e9riode de vacances scolaires, l&rsquo;Aquarium de&hellip;\n","protected":false},"author":2,"featured_media":300880,"comment_status":"","ping_status":"","sticky":false,"template":"","format":"standard","meta":{"footnotes":""},"categories":[1889],"tags":[1111,11,41643,4396,2430,1777,674,2081,1011,27,9072,44093,2428,12,25,299,2528],"class_list":{"0":"post-300879","1":"post","2":"type-post","3":"status-publish","4":"format-standard","5":"has-post-thumbnail","7":"category-lyon","8":"tag-actu","9":"tag-actualites","10":"tag-aquarium","11":"tag-atelier","12":"tag-auvergne-rhone-alpes","13":"tag-eu","14":"tag-europe","15":"tag-film","16":"tag-fr","17":"tag-france","18":"tag-la-mulatire","19":"tag-le-monde-de-samy","20":"tag-lyon","21":"tag-news","22":"tag-republique-francaise","23":"tag-t","24":"tag-vacances"},"share_on_mastodon":{"url":"https:\/\/pubeurope.com\/@fr\/114983012035782702","error":""},"_links":{"self":[{"href":"https:\/\/www.europesays.com\/fr\/wp-json\/wp\/v2\/posts\/300879","targetHints":{"allow":["GET"]}}],"collection":[{"href":"https:\/\/www.europesays.com\/fr\/wp-json\/wp\/v2\/posts"}],"about":[{"href":"https:\/\/www.europesays.com\/fr\/wp-json\/wp\/v2\/types\/post"}],"author":[{"embeddable":true,"href":"https:\/\/www.europesays.com\/fr\/wp-json\/wp\/v2\/users\/2"}],"replies":[{"embeddable":true,"href":"https:\/\/www.europesays.com\/fr\/wp-json\/wp\/v2\/comments?post=300879"}],"version-history":[{"count":0,"href":"https:\/\/www.europesays.com\/fr\/wp-json\/wp\/v2\/posts\/300879\/revisions"}],"wp:featuredmedia":[{"embeddable":true,"href":"https:\/\/www.europesays.com\/fr\/wp-json\/wp\/v2\/media\/300880"}],"wp:attachment":[{"href":"https:\/\/www.europesays.com\/fr\/wp-json\/wp\/v2\/media?parent=300879"}],"wp:term":[{"taxonomy":"category","embeddable":true,"href":"https:\/\/www.europesays.com\/fr\/wp-json\/wp\/v2\/categories?post=300879"},{"taxonomy":"post_tag","embeddable":true,"href":"https:\/\/www.europesays.com\/fr\/wp-json\/wp\/v2\/tags?post=300879"}],"curies":[{"name":"wp","href":"https:\/\/api.w.org\/{rel}","templated":true}]}}