{"id":300882,"date":"2025-08-06T17:33:09","date_gmt":"2025-08-06T17:33:09","guid":{"rendered":"https:\/\/www.europesays.com\/fr\/300882\/"},"modified":"2025-08-06T17:33:09","modified_gmt":"2025-08-06T17:33:09","slug":"a-quoi-sattendre-a-paris-et-en-ile-de-france-a-partir-de-jeudi","status":"publish","type":"post","link":"https:\/\/www.europesays.com\/fr\/300882\/","title":{"rendered":"\u00e0 quoi s&rsquo;attendre \u00e0 Paris et en \u00cele-de-France \u00e0 partir de jeudi"},"content":{"rendered":"<p>            Par<br \/>\n        <strong><br \/>\n            <a href=\"https:\/\/actu.fr\/auteur\/redaction-paris\" title=\"Consulter tous les articles de R\u00e9daction Paris\" rel=\"nofollow noopener\" target=\"_blank\">R\u00e9daction Paris<\/a><br \/>\n        <\/strong><\/p>\n<p>        Publi\u00e9 le<\/p>\n<p>            6 ao\u00fbt 2025 \u00e0 18h52        <\/p>\n<p>Chaud devant. Une masse d\u2019air chaud en provenance de l\u2019Espagne va gagner la France par le Sud-Ouest et le Midi d\u00e8s demain jeudi 7\u00a0ao\u00fbt 2025. Cet \u00e9pisode d\u2019intenses temp\u00e9ratures doit remonter jusqu\u2019au centre-est du pays, en passant par le Bassin parisien. En pr\u00e9vision, <a href=\"https:\/\/actu.fr\/tag\/meteo-france\" rel=\"nofollow noopener\" target=\"_blank\">M\u00e9t\u00e9o-France<\/a> vient de placer <a href=\"https:\/\/actu.fr\/meteo\/la-canicule-de-retour-en-france-16-departements-places-en-vigilance-ce-jeudi-de-fortes-chaleurs-a-prevoir_63005096.html\" rel=\"nofollow noopener\" target=\"_blank\">16 d\u00e9partements<\/a> en vigilance jaune <a href=\"https:\/\/actu.fr\/tag\/canicule\" rel=\"nofollow noopener\" target=\"_blank\">canicule<\/a>\u00a0\u2013 l\u2019alerte entrera en vigueur \u00e0 partir de midi jeudi.<\/p>\n<p>Les 30\u00b0C d\u00e9pass\u00e9s<\/p>\n<p class=\" wall-content\">\u00c0 l\u2019heure actuelle, <a href=\"https:\/\/actu.fr\/paris\/dernieres-actus\" rel=\"nofollow noopener\" target=\"_blank\">Paris<\/a> et ses d\u00e9partements limitrophes ne sont pas concern\u00e9s. Mais ces pr\u00e9visions pourraient rapidement \u00e9voluer, l\u2019institut de r\u00e9f\u00e9rence en mati\u00e8re de m\u00e9t\u00e9orologie indiquant sur son site qu\u2019une aggravation du niveau de vigilance est attendue sur la production de jeudi pour le sud-ouest et sur celle de vendredi pour le centre-est du territoire.<\/p>\n<p class=\" wall-content\">\n<p class=\" wall-content\">Alors que les temp\u00e9ratures ont culmin\u00e9 \u00e0 25\u00b0C ce mercredi dans la capitale, elles pourraient gagner jusqu\u2019\u00e0 4\u00b0C demain. \u00c0 8\u00a0heures, il fera d\u00e9j\u00e0 17\u00b0C. Le vent sera faible et le soleil brillera sans partage, permettant au mercure d\u2019atteindre 29\u00b0C l\u2019apr\u00e8s-midi. Vendredi, le sc\u00e9nario sera quasiment identique, avec 18\u00b0C attendus le matin, 31\u00b0C, l\u2019apr\u00e8s-midi. Un beau temps qui devrait perdurer jusqu\u2019\u00e0 samedi au moins. Mais qui ne devrait pas \u00eatre suffisant pour l\u2019alerte canicule soit d\u00e9clench\u00e9e \u00e0 Paris et dans sa r\u00e9gion.<\/p>\n<p class=\" wall-content\">Les seuils \u00e0 partir lesquels M\u00e9t\u00e9o-France d\u00e9clenche la vigilance<a href=\"https:\/\/actu.fr\/meteo\/carte-canicule-en-france-a-partir-de-quelle-temperature-l-alerte-est-declenchee-dans-votre-departement_62779253.html\" rel=\"nofollow noopener\" target=\"_blank\"> changent en effet d\u2019un d\u00e9partement \u00e0 l\u2019autre<\/a>. \u00c0 Paris, ces seuils sont de 31 \u00b0C le jour et 21 \u00b0C la nuit. Le dernier \u00e9pisode du genre remonte \u00e0 il y a un plus d\u2019un mois lorsque, le 1er juillet, M\u00e9t\u00e9o-France a fait passer la capitale, la Seine-Saint-Denis, le Val-de-Marne et les Hauts-de-Seine <a href=\"https:\/\/actu.fr\/ile-de-france\/paris_75056\/ressenti-44-c-meteo-france-declenche-la-vigilance-rouge-canicule-a-paris-et-en-petite-couronne_62846076.html\" rel=\"nofollow noopener\" target=\"_blank\">en alerte rouge<\/a>, son niveau de vigilance le plus \u00e9lev\u00e9. Des temp\u00e9ratures \u00e0 la limite du supportable, avec un ressenti de 44\u00b0C, avaient \u00e9t\u00e9 enregistr\u00e9es. La Ville de Paris avait alors <a href=\"https:\/\/actu.fr\/ile-de-france\/paris_75056\/canicule-la-mairie-de-paris-declenche-son-niveau-d-alerte-le-plus-eleve-a-quoi-s-attendre_62850679.html\" rel=\"nofollow noopener\" target=\"_blank\">d\u00e9clench\u00e9 le niveau 4 (le plus \u00e9lev\u00e9) de son plan canicule<\/a>.<\/p>\n<p class=\" wall-content\">Suivez toute l\u2019actualit\u00e9 de vos villes et m\u00e9dias favoris en vous inscrivant \u00e0 <a href=\"https:\/\/moncompte.actu.fr\" title=\"D\u00e9couvez Mon Actu\" rel=\"nofollow noopener\" data-trk=\"{&quot;cta&quot;:{&quot;action&quot;:&quot;https:\\\/\\\/moncompte.actu.fr&quot;,&quot;category&quot;:&quot;mon compte&quot;,&quot;from&quot;:&quot;article footer&quot;,&quot;name&quot;:&quot;Mon actu&quot;,&quot;type&quot;:&quot;cta&quot;}}\" target=\"_blank\">Mon Actu<\/a>.<\/p>\n","protected":false},"excerpt":{"rendered":"Par R\u00e9daction Paris Publi\u00e9 le 6 ao\u00fbt 2025 \u00e0 18h52 Chaud devant. Une masse d\u2019air chaud en provenance&hellip;\n","protected":false},"author":2,"featured_media":300883,"comment_status":"","ping_status":"","sticky":false,"template":"","format":"standard","meta":{"footnotes":""},"categories":[1592],"tags":[1111,11,6698,1777,674,1011,27,662,2487,2357,12,626,25],"class_list":{"0":"post-300882","1":"post","2":"type-post","3":"status-publish","4":"format-standard","5":"has-post-thumbnail","7":"category-ile-de-france","8":"tag-actu","9":"tag-actualites","10":"tag-canicule","11":"tag-eu","12":"tag-europe","13":"tag-fr","14":"tag-france","15":"tag-ile-de-france","16":"tag-meteo","17":"tag-meteo-france","18":"tag-news","19":"tag-paris","20":"tag-republique-francaise"},"share_on_mastodon":{"url":"https:\/\/pubeurope.com\/@fr\/114983023735486253","error":""},"_links":{"self":[{"href":"https:\/\/www.europesays.com\/fr\/wp-json\/wp\/v2\/posts\/300882","targetHints":{"allow":["GET"]}}],"collection":[{"href":"https:\/\/www.europesays.com\/fr\/wp-json\/wp\/v2\/posts"}],"about":[{"href":"https:\/\/www.europesays.com\/fr\/wp-json\/wp\/v2\/types\/post"}],"author":[{"embeddable":true,"href":"https:\/\/www.europesays.com\/fr\/wp-json\/wp\/v2\/users\/2"}],"replies":[{"embeddable":true,"href":"https:\/\/www.europesays.com\/fr\/wp-json\/wp\/v2\/comments?post=300882"}],"version-history":[{"count":0,"href":"https:\/\/www.europesays.com\/fr\/wp-json\/wp\/v2\/posts\/300882\/revisions"}],"wp:featuredmedia":[{"embeddable":true,"href":"https:\/\/www.europesays.com\/fr\/wp-json\/wp\/v2\/media\/300883"}],"wp:attachment":[{"href":"https:\/\/www.europesays.com\/fr\/wp-json\/wp\/v2\/media?parent=300882"}],"wp:term":[{"taxonomy":"category","embeddable":true,"href":"https:\/\/www.europesays.com\/fr\/wp-json\/wp\/v2\/categories?post=300882"},{"taxonomy":"post_tag","embeddable":true,"href":"https:\/\/www.europesays.com\/fr\/wp-json\/wp\/v2\/tags?post=300882"}],"curies":[{"name":"wp","href":"https:\/\/api.w.org\/{rel}","templated":true}]}}