{"id":300886,"date":"2025-08-06T17:35:15","date_gmt":"2025-08-06T17:35:15","guid":{"rendered":"https:\/\/www.europesays.com\/fr\/300886\/"},"modified":"2025-08-06T17:35:15","modified_gmt":"2025-08-06T17:35:15","slug":"legislative-partielle-a-paris-michel-barnier-et-rachida-dati-saffronteront-les-21-et-28-septembre","status":"publish","type":"post","link":"https:\/\/www.europesays.com\/fr\/300886\/","title":{"rendered":"L\u00e9gislative partielle \u00e0 Paris : Michel Barnier et Rachida Dati s\u2019affronteront les 21 et 28 septembre"},"content":{"rendered":"<ul class=\"jsx-862013697 ArticleChapo__List\">\n<li class=\"jsx-862013697 ArticleChapo__List_Item flex\">Apr\u00e8s l\u2019invalidation de l\u2019\u00e9lection du d\u00e9put\u00e9 macroniste Jean Laussucq dans la deuxi\u00e8me circonscription de Paris, les \u00e9lecteurs sont rappel\u00e9s aux urnes les 21 et 28 septembre.<\/li>\n<li class=\"jsx-862013697 ArticleChapo__List_Item flex\">Ils devront d\u00e9partager Rachida Dati et Michel Barnier.<\/li>\n<\/ul>\n<p data-module=\"article-paragraph\" class=\"jsx-3046738180 Paragraph Paragraph__End\">Duel imminent. La <a href=\"https:\/\/www.tf1info.fr\/politique\/legislative-partielle-a-paris-michel-barnier-investit-par-lr-rachida-dati-sera-quand-meme-candidate-2385602.html\" target=\"_blank\" rel=\"noopener\">l\u00e9gislative partielle<\/a> de la deuxi\u00e8me circonscription de Paris, qui devrait voir s&rsquo;affronter <a href=\"https:\/\/www.tf1info.fr\/politique\/legislative-partielle-2025-a-paris-l-ex-premier-ministre-michel-barnier-se-porte-candidat-2383078.html\" target=\"_blank\" rel=\"noopener\">l&rsquo;ancien Premier ministre Michel Barnier<\/a> et la <a href=\"https:\/\/www.tf1info.fr\/politique\/election-legislative-partielle-2025-a-paris-lr-espere-trouver-un-accord-avec-rachida-dati-d-ici-la-rentree-2385875.html\" target=\"_blank\" rel=\"noopener\">ministre de la Culture Rachida Dati<\/a>, aura lieu les 21 et 28 septembre, selon un d\u00e9cret paru mercredi au Journal officiel. \u00ab\u00a0Les \u00e9lecteurs de la 2\u1d49 circonscription de Paris sont convoqu\u00e9s le dimanche 21 septembre en vue de proc\u00e9der \u00e0 l&rsquo;\u00e9lection de leur d\u00e9put\u00e9 \u00e0 l&rsquo;Assembl\u00e9e nationale\u00a0\u00bb, pr\u00e9cise le d\u00e9cret sign\u00e9 par le ministre de l&rsquo;Int\u00e9rieur Bruno Retailleau. Le second tour aura lieu le 28 septembre.<\/p>\n<p>Des dates qui font r\u00e9agir<\/p>\n<p data-module=\"article-paragraph\" class=\"jsx-3046738180 Paragraph\">La ministre de la Culture Rachida Dati a annonc\u00e9 fin juillet sa candidature \u00e0 cette l\u00e9gislative partielle, lan\u00e7ant les hostilit\u00e9s contre Michel Barnier, qui brigue le m\u00eame poste de d\u00e9put\u00e9 et a obtenu l&rsquo;investiture de LR. Rachida Dati a affirm\u00e9 qu&rsquo;elle serait candidate \u00ab\u00a0quoi qu&rsquo;il arrive\u00a0\u00bb, accusant Michel Barnier de se pr\u00e9senter pour servir des \u00ab\u00a0ambitions pr\u00e9sidentielles\u00a0\u00bb. <a href=\"https:\/\/www.tf1info.fr\/politique\/election-legislative-partielle-a-paris-michel-barnier-invite-rachida-dati-a-ne-pas-se-tromper-d-election-2386704.html\" target=\"_blank\" rel=\"noopener\">Ce dernier l&rsquo;a invit\u00e9e<\/a> \u00e0 ne \u00ab\u00a0pas se tromper\u00a0\u00bb d&rsquo;\u00e9lection, estimant qu&rsquo;elle avait \u00ab\u00a0une ambition l\u00e9gitime\u00a0\u00bb pour la mairie de Paris en 2026.<\/p>\n<p data-module=\"article-paragraph\" class=\"jsx-3046738180 Paragraph Paragraph__End\">\u00ab\u00a0Un esprit malin (et lucide) pourrait tout \u00e0 fait rapprocher cette d\u00e9cision pr\u00e9cipit\u00e9e de Bruno Retailleau avec la date de l\u2019audience qui doit fixer la date du proc\u00e8s de Rachida Dati. Une audience qui se tiendra le 29 septembre. Soit le lendemain du second tour\u00a0\u00bb, a ironis\u00e9 sur X le pr\u00e9sident du conseil national du Parti socialiste, Luc Broussy.\u00a0En effet, la maire du VIIe arrondissement a \u00e9t\u00e9 renvoy\u00e9e en <a href=\"https:\/\/www.tf1info.fr\/politique\/video-proces-pour-corruption-quelles-consequences-politiques-pour-rachida-dati-2384634.html\" target=\"_blank\" rel=\"noopener\">proc\u00e8s pour corruption et trafic d&rsquo;influence<\/a>. Tandis qu&rsquo;elle \u00e9tait avocate et d\u00e9put\u00e9e europ\u00e9enne, <a href=\"https:\/\/www.tf1info.fr\/justice-faits-divers\/affaire-ghosn-rachida-dati-sera-jugee-pour-corruption-que-lui-reproche-la-justice-2384668.html\" target=\"_blank\" rel=\"noopener\">elle est soup\u00e7onn\u00e9e<\/a> d&rsquo;avoir per\u00e7u 900.000 euros entre 2010 et 2012 pour des prestations de conseil avec une filiale de l&rsquo;alliance Renault-Nissan, sans avoir r\u00e9ellement travaill\u00e9. Une d\u00e9cision \u00e0 laquelle elle a fait appel.\u00a0<\/p>\n<p><a href=\"https:\/\/www.tf1info.fr\/politique\/election-legislative-partielle-a-paris-michel-barnier-invite-rachida-dati-a-ne-pas-se-tromper-d-election-2386704.html\" rel=\"noopener\" class=\"jsx-3308031228 Link flex\" target=\"_blank\"><img decoding=\"async\" src=\"https:\/\/www.europesays.com\/fr\/wp-content\/uploads\/2025\/08\/michel-barnier-limoges-29-novembre-2024-958336-0@1x.jpeg\" alt=\"AFP\" loading=\"lazy\" importance=\"low\" fetchpriority=\"low\" class=\"\" aria-hidden=\"true\"\/><\/p>\n<p class=\"jsx-3657663356 ReadMoreArticle__Title\">Lire aussi<\/p>\n<p class=\"jsx-3657663356\">L\u00e9gislative partielle \u00e0 Paris : Michel Barnier invite Rachida Dati \u00e0 \u00ab\u00a0ne pas se tromper\u00a0\u00bb d&rsquo;\u00e9lection<\/p>\n<p><\/a><\/p>\n<p data-module=\"article-paragraph\" class=\"jsx-3046738180 Paragraph Paragraph__End\">Cette \u00e9lection intervient apr\u00e8s la d\u00e9cision du Conseil constitutionnel de d\u00e9clarer in\u00e9ligible Jean Laussucq (Ensemble pour la R\u00e9publique), pour des irr\u00e9gularit\u00e9s dans ses comptes de campagne. Deux autres d\u00e9put\u00e9s, St\u00e9phane Vojetta (circonscription des Fran\u00e7ais de l&rsquo;\u00e9tranger, EPR) et Brigitte Bar\u00e8ges (Tarn-et-Garonne, UDR), ont \u00e9galement \u00e9t\u00e9 d\u00e9clar\u00e9s in\u00e9ligibles le m\u00eame jour. Les dates des l\u00e9gislatives partielles de leurs circonscriptions n&rsquo;ont pas encore \u00e9t\u00e9 annonc\u00e9es.<\/p>\n<p>M.T avec AFP<\/p>\n","protected":false},"excerpt":{"rendered":"Apr\u00e8s l\u2019invalidation de l\u2019\u00e9lection du d\u00e9put\u00e9 macroniste Jean Laussucq dans la deuxi\u00e8me circonscription de Paris, les \u00e9lecteurs sont&hellip;\n","protected":false},"author":2,"featured_media":300887,"comment_status":"","ping_status":"","sticky":false,"template":"","format":"standard","meta":{"footnotes":""},"categories":[1888],"tags":[1111,1928,11,1927,41973,1921,1013,39211,5949,1777,674,1011,27,1922,27636,12,1926,626,1925,4144,417,25,133,4530],"class_list":{"0":"post-300886","1":"post","2":"type-post","3":"status-publish","4":"format-standard","5":"has-post-thumbnail","7":"category-paris","8":"tag-actu","9":"tag-actu-paris","10":"tag-actualites","11":"tag-actualites-paris","12":"tag-affaire-renault-rachida-dati-renvoyee-en-proces-pour-corruption","13":"tag-article-video","14":"tag-bruno-retailleau","15":"tag-conseil-constitutionnel","16":"tag-elections","17":"tag-eu","18":"tag-europe","19":"tag-fr","20":"tag-france","21":"tag-info","22":"tag-michel-barnier","23":"tag-news","24":"tag-news-paris","25":"tag-paris","26":"tag-paris-news","27":"tag-politique-du-gouvernement","28":"tag-rachida-dati","29":"tag-republique-francaise","30":"tag-video","31":"tag-video-politique"},"share_on_mastodon":{"url":"https:\/\/pubeurope.com\/@fr\/114983031505483586","error":""},"_links":{"self":[{"href":"https:\/\/www.europesays.com\/fr\/wp-json\/wp\/v2\/posts\/300886","targetHints":{"allow":["GET"]}}],"collection":[{"href":"https:\/\/www.europesays.com\/fr\/wp-json\/wp\/v2\/posts"}],"about":[{"href":"https:\/\/www.europesays.com\/fr\/wp-json\/wp\/v2\/types\/post"}],"author":[{"embeddable":true,"href":"https:\/\/www.europesays.com\/fr\/wp-json\/wp\/v2\/users\/2"}],"replies":[{"embeddable":true,"href":"https:\/\/www.europesays.com\/fr\/wp-json\/wp\/v2\/comments?post=300886"}],"version-history":[{"count":0,"href":"https:\/\/www.europesays.com\/fr\/wp-json\/wp\/v2\/posts\/300886\/revisions"}],"wp:featuredmedia":[{"embeddable":true,"href":"https:\/\/www.europesays.com\/fr\/wp-json\/wp\/v2\/media\/300887"}],"wp:attachment":[{"href":"https:\/\/www.europesays.com\/fr\/wp-json\/wp\/v2\/media?parent=300886"}],"wp:term":[{"taxonomy":"category","embeddable":true,"href":"https:\/\/www.europesays.com\/fr\/wp-json\/wp\/v2\/categories?post=300886"},{"taxonomy":"post_tag","embeddable":true,"href":"https:\/\/www.europesays.com\/fr\/wp-json\/wp\/v2\/tags?post=300886"}],"curies":[{"name":"wp","href":"https:\/\/api.w.org\/{rel}","templated":true}]}}