{"id":300890,"date":"2025-08-06T17:37:10","date_gmt":"2025-08-06T17:37:10","guid":{"rendered":"https:\/\/www.europesays.com\/fr\/300890\/"},"modified":"2025-08-06T17:37:10","modified_gmt":"2025-08-06T17:37:10","slug":"cinq-personnes-en-garde-a-vue-apres-lagression-dun-professionnel-de-la-cryptomonnaie","status":"publish","type":"post","link":"https:\/\/www.europesays.com\/fr\/300890\/","title":{"rendered":"cinq personnes en garde \u00e0 vue apr\u00e8s l\u2019agression d\u2019un professionnel de la cryptomonnaie"},"content":{"rendered":"<p>Selon la victime, les agresseurs lui auraient d\u00e9rob\u00e9 un disque dur contenant deux millions d\u2019euros en cryptomonnaies.<\/p>\n<p class=\"fig-paragraph\">La monnaie virtuelle attire toujours\u00a0<a href=\"http:\/\/www.lefigaro.fr\/secteur\/high-tech\/cryptomonnaies-apres-une-reunion-a-beauvau-le-ministere-de-l-interieur-prend-des-mesures-pour-proteger-la-filiere-20250516\" data-fig-type=\"NewsFlash\" data-gtm-custom-categorie=\"navigation\" data-gtm-custom-action=\"crossclick\" data-gtm-custom-label=\"Contextuel\" data-gtm-event=\"customEventSPE\" data-fig-domain=\"LEFIGARO\" rel=\"nofollow noopener\" target=\"_blank\">autant les convoitises<\/a>. Cinq individus ont \u00e9t\u00e9 arr\u00eat\u00e9s et plac\u00e9s en garde \u00e0 vue ce mardi 5 ao\u00fbt apr\u00e8s l\u2019agression d\u2019un professionnel\u00a0<a href=\"http:\/\/www.lefigaro.fr\/secteur\/high-tech\/qui-sont-les-francais-qui-possedent-des-cryptos-en-2025-20250410\" data-fig-type=\"NewsFlash\" data-gtm-custom-categorie=\"navigation\" data-gtm-custom-action=\"crossclick\" data-gtm-custom-label=\"Contextuel\" data-gtm-event=\"customEventSPE\" data-fig-domain=\"LEFIGARO\" rel=\"nofollow noopener\" target=\"_blank\">de la cryptomonnaie<\/a>\u00a0dans la capitale, a appris Le Figaro du parquet de Paris, confirmant une information du Parisien. Install\u00e9e dans un prestigieux h\u00f4tel du XVIe arrondissement, la victime aurait \u00e9t\u00e9 approch\u00e9e par cinq inconnus venus lui r\u00e9clamer la somme de 400.000 euros, mardi en d\u00e9but de soir\u00e9e.<\/p>\n<p class=\"fig-paragraph\">D\u2019apr\u00e8s\u00a0<a href=\"https:\/\/www.leparisien.fr\/faits-divers\/paris-un-professionnel-de-la-cryptomonnaie-agresse-dans-un-palace-des-beaux-quartiers-06-08-2025-D632HLSIFJHZNGKHHSPP6S3CPE.php\" target=\"_blank\" rel=\"sponsored noopener nofollow\" data-gtm-custom-categorie=\"navigation\" data-gtm-custom-action=\"crossclick\" data-gtm-custom-label=\"Contextuel\" data-gtm-event=\"customEventSPE\">Le Parisien<\/a>, les suspects l\u2019auraient ensuite emmen\u00e9 de force \u00e0 proximit\u00e9 de l\u2019Arc de Triomphe o\u00f9 ils l\u2019auraient violent\u00e9 avant de lui soutirer un disque dur contenant deux millions d\u2019euros en cryptomonnaies, ainsi que son iPhone 13 Pro Max. Rapidement interpell\u00e9s, les malfaiteurs seraient en fait li\u00e9s \u00e0 un \u00e9tablissement de nuit o\u00f9 la victime aurait laiss\u00e9 une importante addition en suspens. L\u2019homme aurait \u00e9galement indiqu\u00e9 aux enqu\u00eateurs avoir d\u00e9j\u00e0 \u00e9t\u00e9 menac\u00e9 avec une arme par les m\u00eames individus la semaine pass\u00e9e.<\/p>\n<p>                                    <a class=\"fig-a11y-skip a11y-hidden\" href=\"#fig-a11y-skip-main-inarticle\"><br \/>\n        Passer la publicit\u00e9<br \/>\n    <\/a><\/p>\n<p class=\"fig-paragraph\">Contact\u00e9, le parquet de Paris a indiqu\u00e9 que l\u2019enqu\u00eate ouverte pour des faits d\u2019extorsion avait \u00e9t\u00e9 confi\u00e9e \u00e0 la brigade de r\u00e9pression du banditisme (BRB), tout en indiquant que \u00ables investigations et auditions se poursuivent\u00bb. Les cinq suspects ont quant \u00e0 eux \u00e9t\u00e9 plac\u00e9s en garde \u00e0 vue dans les locaux du premier district de police judiciaire. Aucun autre \u00e9l\u00e9ment n\u2019a pu \u00eatre communiqu\u00e9 \u00e0 ce stade de l\u2019enqu\u00eate.<\/p>\n","protected":false},"excerpt":{"rendered":"Selon la victime, les agresseurs lui auraient d\u00e9rob\u00e9 un disque dur contenant deux millions d\u2019euros en cryptomonnaies. La&hellip;\n","protected":false},"author":2,"featured_media":300891,"comment_status":"","ping_status":"","sticky":false,"template":"","format":"standard","meta":{"footnotes":""},"categories":[1888],"tags":[11,9049,1777,674,1011,27,12,626,25],"class_list":{"0":"post-300890","1":"post","2":"type-post","3":"status-publish","4":"format-standard","5":"has-post-thumbnail","7":"category-paris","8":"tag-actualites","9":"tag-cryptomonnaie","10":"tag-eu","11":"tag-europe","12":"tag-fr","13":"tag-france","14":"tag-news","15":"tag-paris","16":"tag-republique-francaise"},"share_on_mastodon":{"url":"https:\/\/pubeurope.com\/@fr\/114983039591816554","error":""},"_links":{"self":[{"href":"https:\/\/www.europesays.com\/fr\/wp-json\/wp\/v2\/posts\/300890","targetHints":{"allow":["GET"]}}],"collection":[{"href":"https:\/\/www.europesays.com\/fr\/wp-json\/wp\/v2\/posts"}],"about":[{"href":"https:\/\/www.europesays.com\/fr\/wp-json\/wp\/v2\/types\/post"}],"author":[{"embeddable":true,"href":"https:\/\/www.europesays.com\/fr\/wp-json\/wp\/v2\/users\/2"}],"replies":[{"embeddable":true,"href":"https:\/\/www.europesays.com\/fr\/wp-json\/wp\/v2\/comments?post=300890"}],"version-history":[{"count":0,"href":"https:\/\/www.europesays.com\/fr\/wp-json\/wp\/v2\/posts\/300890\/revisions"}],"wp:featuredmedia":[{"embeddable":true,"href":"https:\/\/www.europesays.com\/fr\/wp-json\/wp\/v2\/media\/300891"}],"wp:attachment":[{"href":"https:\/\/www.europesays.com\/fr\/wp-json\/wp\/v2\/media?parent=300890"}],"wp:term":[{"taxonomy":"category","embeddable":true,"href":"https:\/\/www.europesays.com\/fr\/wp-json\/wp\/v2\/categories?post=300890"},{"taxonomy":"post_tag","embeddable":true,"href":"https:\/\/www.europesays.com\/fr\/wp-json\/wp\/v2\/tags?post=300890"}],"curies":[{"name":"wp","href":"https:\/\/api.w.org\/{rel}","templated":true}]}}