{"id":300892,"date":"2025-08-06T17:38:12","date_gmt":"2025-08-06T17:38:12","guid":{"rendered":"https:\/\/www.europesays.com\/fr\/300892\/"},"modified":"2025-08-06T17:38:12","modified_gmt":"2025-08-06T17:38:12","slug":"un-dialogue-constructif-entre-la-russie-et-les-etats-unis-et-lukraine-reprend-la-lutte-anticorruption","status":"publish","type":"post","link":"https:\/\/www.europesays.com\/fr\/300892\/","title":{"rendered":"Un dialogue constructif entre la Russie et les Etats-Unis et l\u2019Ukraine reprend la lutte anticorruption"},"content":{"rendered":"<p><strong>R\u00c9CAP&rsquo; &#8211; \u00ab\u00a020 Minutes\u00a0\u00bb fait le point pour vous tous les soirs sur le conflit. Ce mercredi, la rencontre tant attendu entre l\u2019\u00e9missaire am\u00e9ricain et Vladimir Poutine a enfin eu lieu<\/strong><\/p>\n<p>Vous avez rat\u00e9 les derniers \u00e9v\u00e9nements sur la <a href=\"https:\/\/www.20minutes.fr\/monde\/ukraine\/?at_medium=RSS%20feed&amp;at_campaign=ynews&amp;utm_source=yahoo&amp;utm_medium=rss&amp;utm_campaign=news_feed&amp;utm_content=in_article_link\" rel=\"nofollow noopener\" target=\"_blank\" data-ylk=\"slk:guerre en Ukraine;elm:context_link;itc:0;sec:content-canvas\" class=\"link \">guerre en Ukraine<\/a>\u00a0? 20 Minutes fait le point pour vous tous les soirs. Voici l\u2019essentiel de ce mercredi 6\u00a0ao\u00fbt, au 1.260e jour du conflit.<\/p>\n<p>La tendance du jour<\/p>\n<p>\u00c7a y est, l\u2019entretien entre <a href=\"https:\/\/www.20minutes.fr\/monde\/vladimir_poutine\/?at_medium=RSS%20feed&amp;at_campaign=ynews&amp;utm_source=yahoo&amp;utm_medium=rss&amp;utm_campaign=news_feed&amp;utm_content=in_article_link\" rel=\"nofollow noopener\" target=\"_blank\" data-ylk=\"slk:Vladimir Poutine;elm:context_link;itc:0;sec:content-canvas\" class=\"link \">Vladimir Poutine<\/a> et l\u2019\u00e9missaire am\u00e9ricain a eu lieu. Selon le <a href=\"https:\/\/www.20minutes.fr\/dossier\/kremlin?at_medium=RSS%20feed&amp;at_campaign=ynews&amp;utm_source=yahoo&amp;utm_medium=rss&amp;utm_campaign=news_feed&amp;utm_content=in_article_link\" rel=\"nofollow noopener\" target=\"_blank\" data-ylk=\"slk:Kremlin;elm:context_link;itc:0;sec:content-canvas\" class=\"link \">Kremlin<\/a>, la conversation a \u00e9t\u00e9 \u00ab\u00a0utile et constructive\u00a0\u00bb. Tant mieux remarque, car deux sous-marins nucl\u00e9aires am\u00e9ricains sillonnent les eaux russes et nous sommes \u00e0 J-2 de l\u2019ultimatum am\u00e9ricain visant \u00e0 mettre fin au conflit en Ukraine. Tout ce qu\u2019on saura pour le moment c\u2019est que <a href=\"https:\/\/www.20minutes.fr\/monde\/moscou\/?at_medium=RSS%20feed&amp;at_campaign=ynews&amp;utm_source=yahoo&amp;utm_medium=rss&amp;utm_campaign=news_feed&amp;utm_content=in_article_link\" rel=\"nofollow noopener\" target=\"_blank\" data-ylk=\"slk:Moscou;elm:context_link;itc:0;sec:content-canvas\" class=\"link \">Moscou<\/a> a gentiment \u00ab\u00a0envoy\u00e9 certains signaux\u00a0\u00bb sur le conflit ukrainien, sans en dire beaucoup plus. Paix \u00e0 venir ou troisi\u00e8me guerre mondiale, r\u00e9ponse bient\u00f4t\u2026<\/p>\n<p>Le chiffre du jour<\/p>\n<p><strong>25.<\/strong> Pas content\u00a0? Tripl\u00e9 de douane. <a href=\"https:\/\/www.20minutes.fr\/dossier\/donald_trump?at_medium=RSS%20feed&amp;at_campaign=ynews&amp;utm_source=yahoo&amp;utm_medium=rss&amp;utm_campaign=news_feed&amp;utm_content=in_article_link\" rel=\"nofollow noopener\" target=\"_blank\" data-ylk=\"slk:Donald Trump;elm:context_link;itc:0;sec:content-canvas\" class=\"link \">Donald Trump<\/a> a ajout\u00e9 25\u00a0% suppl\u00e9mentaires sur les produits <a href=\"https:\/\/www.20minutes.fr\/dossier\/indiens?at_medium=RSS%20feed&amp;at_campaign=ynews&amp;utm_source=yahoo&amp;utm_medium=rss&amp;utm_campaign=news_feed&amp;utm_content=in_article_link\" rel=\"nofollow noopener\" target=\"_blank\" data-ylk=\"slk:indiens;elm:context_link;itc:0;sec:content-canvas\" class=\"link \">indiens<\/a>, reprochant \u00e0 New Delhi ses achats de p\u00e9trole <a href=\"https:\/\/www.20minutes.fr\/dossier\/russe?at_medium=RSS%20feed&amp;at_campaign=ynews&amp;utm_source=yahoo&amp;utm_medium=rss&amp;utm_campaign=news_feed&amp;utm_content=in_article_link\" rel=\"nofollow noopener\" target=\"_blank\" data-ylk=\"slk:russe;elm:context_link;itc:0;sec:content-canvas\" class=\"link \">russe<\/a>. Cette nouvelle surtaxe vient s\u2019ajouter \u00e0 celle de 25\u00a0% qui doit entrer en vigueur jeudi. Soit 25 +\u00a025 =\u00a050\u00a0% de droit de douane, bravo les matheux. Deux petits d\u00e9tails quand m\u00eame pour ne pas entra\u00eener la d\u00e9pression de tous les \u00e9conomistes de New Delhi\u00a0: les tarifs ne seront effectifs que dans 21 jours, selon un d\u00e9cret du pr\u00e9sident am\u00e9ricain. Et la m\u00e9ga-taxe de 50\u00a0% ne s\u2019appliquera pas sur un certain nombre de produits, ce qui vient en r\u00e9duire sensiblement la port\u00e9e.<\/p>\n<p>La tendance du jour<\/p>\n<p>L\u2019Ukraine se r\u00e9attaque \u00e0 la corruption, sous la pression de l\u2019Union europ\u00e9enne. Le pays a no(&#8230;)<\/p>\n<p><a href=\"https:\/\/www.20minutes.fr\/monde\/ukraine\/4166969-20250806-guerre-ukraine-dialogue-constructif-entre-russie-etats-unis-ukraine-reprend-lutte-anticorruption?at_medium=RSS%20feed&amp;at_campaign=ynews&amp;utm_source=yahoo&amp;utm_medium=rss&amp;utm_campaign=news_feed&amp;utm_content=read_more_link&quot;\" rel=\"nofollow noopener\" target=\"_blank\" data-ylk=\"slk:Lire la suite sur 20minutes;elm:context_link;itc:0;sec:content-canvas\" class=\"link \">Lire la suite sur 20minutes<\/a><\/p>\n<p>\u00c0 lire aussi :<br \/><a href=\"https:\/\/www.20minutes.fr\/monde\/ukraine\/4159674-20250620-guerre-ukraine-toute-ukraine-poutine-menace-emparer-soumy?at_medium=RSS%20feed&amp;at_campaign=ynews&amp;utm_source=yahoo&amp;utm_medium=rss&amp;utm_campaign=news_feed&amp;utm_content=related_content_link\" rel=\"nofollow noopener\" target=\"_blank\" data-ylk=\"slk:Guerre en Ukraine\u00a0: \u00ab\u00a0Toute l\u2019Ukraine est n\u00f4tre\u00a0\u00bb\u2026 Poutine menace de s\u2019emparer de Soumy;elm:context_link;itc:0;sec:content-canvas\" class=\"link \">Guerre en Ukraine\u00a0: \u00ab\u00a0Toute l\u2019Ukraine est n\u00f4tre\u00a0\u00bb\u2026 Poutine menace de s\u2019emparer de Soumy<\/a><br \/><a href=\"https:\/\/www.20minutes.fr\/monde\/ukraine\/4158460-20250613-guerre-ukraine-russes-progressent-terrain-ukraine-pleure-morts?at_medium=RSS%20feed&amp;at_campaign=ynews&amp;utm_source=yahoo&amp;utm_medium=rss&amp;utm_campaign=news_feed&amp;utm_content=related_content_link\" rel=\"nofollow noopener\" target=\"_blank\" data-ylk=\"slk:Guerre en Ukraine\u00a0: Les Russes progressent sur le terrain, l\u2019Ukraine pleure ses morts;elm:context_link;itc:0;sec:content-canvas\" class=\"link \">Guerre en Ukraine\u00a0: Les Russes progressent sur le terrain, l\u2019Ukraine pleure ses morts<\/a><\/p>\n","protected":false},"excerpt":{"rendered":"R\u00c9CAP&rsquo; &#8211; \u00ab\u00a020 Minutes\u00a0\u00bb fait le point pour vous tous les soirs sur le conflit. Ce mercredi, la&hellip;\n","protected":false},"author":2,"featured_media":300893,"comment_status":"","ping_status":"","sticky":false,"template":"","format":"standard","meta":{"footnotes":""},"categories":[1591],"tags":[642,11,1887,5493,44094,12,1885,1886,132,44095,220,135],"class_list":{"0":"post-300892","1":"post","2":"type-post","3":"status-publish","4":"format-standard","5":"has-post-thumbnail","7":"category-russie","8":"tag-20-minutes","9":"tag-actualites","10":"tag-federation-de-russie","11":"tag-lukraine","12":"tag-la-conversation","13":"tag-news","14":"tag-russia","15":"tag-russian-federation","16":"tag-russie","17":"tag-troisieme-guerre-mondiale","18":"tag-ukraine","19":"tag-vladimir-poutine"},"share_on_mastodon":{"url":"https:\/\/pubeurope.com\/@fr\/114983043292148271","error":""},"_links":{"self":[{"href":"https:\/\/www.europesays.com\/fr\/wp-json\/wp\/v2\/posts\/300892","targetHints":{"allow":["GET"]}}],"collection":[{"href":"https:\/\/www.europesays.com\/fr\/wp-json\/wp\/v2\/posts"}],"about":[{"href":"https:\/\/www.europesays.com\/fr\/wp-json\/wp\/v2\/types\/post"}],"author":[{"embeddable":true,"href":"https:\/\/www.europesays.com\/fr\/wp-json\/wp\/v2\/users\/2"}],"replies":[{"embeddable":true,"href":"https:\/\/www.europesays.com\/fr\/wp-json\/wp\/v2\/comments?post=300892"}],"version-history":[{"count":0,"href":"https:\/\/www.europesays.com\/fr\/wp-json\/wp\/v2\/posts\/300892\/revisions"}],"wp:featuredmedia":[{"embeddable":true,"href":"https:\/\/www.europesays.com\/fr\/wp-json\/wp\/v2\/media\/300893"}],"wp:attachment":[{"href":"https:\/\/www.europesays.com\/fr\/wp-json\/wp\/v2\/media?parent=300892"}],"wp:term":[{"taxonomy":"category","embeddable":true,"href":"https:\/\/www.europesays.com\/fr\/wp-json\/wp\/v2\/categories?post=300892"},{"taxonomy":"post_tag","embeddable":true,"href":"https:\/\/www.europesays.com\/fr\/wp-json\/wp\/v2\/tags?post=300892"}],"curies":[{"name":"wp","href":"https:\/\/api.w.org\/{rel}","templated":true}]}}