{"id":300902,"date":"2025-08-06T17:43:18","date_gmt":"2025-08-06T17:43:18","guid":{"rendered":"https:\/\/www.europesays.com\/fr\/300902\/"},"modified":"2025-08-06T17:43:18","modified_gmt":"2025-08-06T17:43:18","slug":"non-lunion-europeenne-naffaiblit-pas-la-democratie-europeenne-2","status":"publish","type":"post","link":"https:\/\/www.europesays.com\/fr\/300902\/","title":{"rendered":"Non, l&rsquo;Union europ\u00e9enne n&rsquo;affaiblit pas la d\u00e9mocratie europ\u00e9enne"},"content":{"rendered":"<p>Le PDG de Tesla, Elon Musk, a une fois de plus fait des d\u00e9clarations douteuses sur l&rsquo;Union europ\u00e9enne, sa popularit\u00e9 et la qualit\u00e9 de sa d\u00e9mocratie.<\/p>\n<p>Dans un post publi\u00e9 sur X, le multimilliardaire a d\u00e9clar\u00e9 que l&rsquo;Irlande et tous les autres membres de l&rsquo;UE devraient quitter l&rsquo;Union, estimant qu&rsquo;elle d\u00e9truit la d\u00e9mocratie en Europe.<\/p>\n<p>Il a fait ces commentaires en r\u00e9ponse \u00e0 un autre message critiquant un arr\u00eat r\u00e9cent de la Cour de justice de l&rsquo;Union europ\u00e9enne (CJUE), qui a rejet\u00e9 l&rsquo;argument du gouvernement irlandais selon lequel ce dernier n&rsquo;\u00e9tait pas en mesure de couvrir correctement les besoins fondamentaux des demandeurs d&rsquo;asile en raison de l&rsquo;afflux important lors de ces derniers.<\/p>\n<p>La CJUE a d\u00e9clar\u00e9 que la l\u00e9gislation europ\u00e9enne stipule que les \u00c9tats membres doivent garantir un niveau de vie ad\u00e9quat aux demandeurs d&rsquo;asile, y compris un logement et des bons d&rsquo;achat, m\u00eame lorsque la situation est difficile.<\/p>\n<p><img decoding=\"async\" class=\"caas-img caas-lazy has-preview\" alt=\"Elon Musk affirme que l'UE rend les pays plus antid\u00e9mocratiques.\" src=\"https:\/\/www.europesays.com\/fr\/wp-content\/uploads\/2025\/08\/581c3b7730da49946c63883909b7e996.jpeg\"\/><\/p>\n<p> Elon Musk affirme que l&rsquo;UE rend les pays plus antid\u00e9mocratiques.   &#8211; Euronews <\/p>\n<p>Les all\u00e9gations d&rsquo;Elon Musk concernant le manque suppos\u00e9 de d\u00e9mocratie de l&rsquo;UE sont souvent formul\u00e9es lorsque la CJUE rend un arr\u00eat qui ne pla\u00eet pas \u00e0 un parti ou \u00e0 une personnalit\u00e9 politique. Mais les recherches montrent que les pays de l&rsquo;UE, et les nations europ\u00e9ennes en g\u00e9n\u00e9ral, comptent parmi les plus d\u00e9mocratiques au monde.<\/p>\n<p><a href=\"https:\/\/www.eiu.com\/n\/campaigns\/democracy-index-2024\/\" rel=\"nofollow noopener\" target=\"_blank\" data-ylk=\"slk:L&#039;indice de d\u00e9mocratie;elm:context_link;itc:0;sec:content-canvas\" class=\"link \"><strong>L&rsquo;indice de d\u00e9mocratie<\/strong><\/a> de l&rsquo;Economist Intelligence Unit (EIU), publi\u00e9 cette ann\u00e9e, indique que vingt-cinq pays dans le monde sont des \u00ab\u00a0d\u00e9mocraties compl\u00e8te\u00a0\u00bb, dont treize font partie de l&rsquo;UE.<\/p>\n<p>L&rsquo;\u00e9valuation se fonde sur cinq cat\u00e9gories : processus \u00e9lectoral et pluralisme, libert\u00e9s civiles, fonctionnement du gouvernement, participation politique et culture politique. L&rsquo;EIU attribue ensuite \u00e0 chacun des 167 pays une note sur 10.<\/p>\n<p>Parmi les pays les mieux class\u00e9s figurent la Su\u00e8de, la Finlande, le Danemark et m\u00eame l&rsquo;Irlande.<\/p>\n<p>Ce chiffre est encore plus \u00e9lev\u00e9 si l&rsquo;on tient compte des pays europ\u00e9ens non-membres de l&rsquo;UE, tels que la Norv\u00e8ge, qui se trouve tout en haut du classement, l&rsquo;Islande, la Suisse et le Royaume-Uni.<\/p>\n<p>La Nouvelle-Z\u00e9lande, l&rsquo;Australie, Ta\u00efwan et le Canada sont d&rsquo;autres pays non-europ\u00e9ens qui ont obtenu des r\u00e9sultats particuli\u00e8rement \u00e9lev\u00e9s.<\/p>\n<p>Dans l&rsquo;UE, le foss\u00e9 Est\/Ouest se comble<\/p>\n<p>De nombreux autres pays de l&rsquo;UE sont qualifi\u00e9s de \u00ab\u00a0d\u00e9mocraties imparfaites\u00a0\u00bb par l&rsquo;EIU, le deuxi\u00e8me rang le plus \u00e9lev\u00e9 de l&rsquo;indice.<\/p>\n<p>La France, Malte, la Slov\u00e9nie et la Lettonie sont quelques-uns des \u00c9tats membres qui figurent dans cette cat\u00e9gorie. En dehors de l&rsquo;Europe, les \u00c9tats-Unis figurent \u00e9galement dans la liste des \u00ab\u00a0d\u00e9mocraties imparfaites\u00a0\u00bb, tout comme l&rsquo;Afrique du Sud.<\/p>\n<p>L&rsquo;EIU note que les pays europ\u00e9ens dominent le top 10 et le top 20 du classement, en particulier les pays nordiques et l&rsquo;Europe de l&rsquo;Ouest. \u00ab\u00a0L&rsquo;Europe occidentale a le score le plus \u00e9lev\u00e9 de toutes les r\u00e9gions, avec 8,38, et a \u00e9t\u00e9 la seule \u00e0 am\u00e9liorer son score global en 2024, bien que de mani\u00e8re marginale\u00a0\u00bb, a d\u00e9clar\u00e9 l&rsquo;EIU, ajoutant qu&rsquo;il y avait un d\u00e9clin de la d\u00e9mocratie dans le monde entier tandis que les autocraties semblaient se renforcer.<\/p>\n<p>L&rsquo;\u00e9tude ajoute cependant que malgr\u00e9 ce succ\u00e8s global pour le vieux continent, la d\u00e9mocratie s&rsquo;est d\u00e9t\u00e9rior\u00e9e dans certaines nations de l&rsquo;UE, telles que la Bulgarie, la Hongrie et la Roumanie, cette derni\u00e8re \u00e9tant class\u00e9e comme un \u00ab\u00a0r\u00e9gime hybride\u00a0\u00bb, qui combine des \u00e9l\u00e9ments de d\u00e9mocratie \u00e9lectorale avec des comportements autoritaires, d&rsquo;apr\u00e8s l&rsquo;\u00e9tude.<\/p>\n<p>En Hongrie, la confiance du public dans le gouvernement a diminu\u00e9 et la corruption s&rsquo;est aggrav\u00e9e, selon l&rsquo;EIU. La Bulgarie a \u00e9galement vu son score de corruption se d\u00e9t\u00e9riorer.<\/p>\n<p>Si le foss\u00e9 d\u00e9mocratique entre les pays de l&rsquo;Est et de l&rsquo;Ouest de l&rsquo;Union europ\u00e9enne reste \u00e9vident, il se comble lentement : la R\u00e9publique Tch\u00e8que et l&rsquo;Estonie sont entr\u00e9es dans la liste des \u00ab\u00a0d\u00e9mocraties compl\u00e8tes\u00a0\u00bb cette ann\u00e9e, alors qu&rsquo;aucun pays d&rsquo;Europe de l&rsquo;Est n&rsquo;y figurait pendant une d\u00e9cennie.<\/p>\n","protected":false},"excerpt":{"rendered":"Le PDG de Tesla, Elon Musk, a une fois de plus fait des d\u00e9clarations douteuses sur l&rsquo;Union europ\u00e9enne,&hellip;\n","protected":false},"author":2,"featured_media":300903,"comment_status":"","ping_status":"","sticky":false,"template":"","format":"standard","meta":{"footnotes":""},"categories":[1586],"tags":[11,7756,46,1777,674,1011,27,7738,44097,12,25],"class_list":{"0":"post-300902","1":"post","2":"type-post","3":"status-publish","4":"format-standard","5":"has-post-thumbnail","7":"category-europe","8":"tag-actualites","9":"tag-democratie","10":"tag-elon-musk","11":"tag-eu","12":"tag-europe","13":"tag-fr","14":"tag-france","15":"tag-lunion-europeenne","16":"tag-la-democratie","17":"tag-news","18":"tag-republique-francaise"},"share_on_mastodon":{"url":"https:\/\/pubeurope.com\/@fr\/114983063114498948","error":""},"_links":{"self":[{"href":"https:\/\/www.europesays.com\/fr\/wp-json\/wp\/v2\/posts\/300902","targetHints":{"allow":["GET"]}}],"collection":[{"href":"https:\/\/www.europesays.com\/fr\/wp-json\/wp\/v2\/posts"}],"about":[{"href":"https:\/\/www.europesays.com\/fr\/wp-json\/wp\/v2\/types\/post"}],"author":[{"embeddable":true,"href":"https:\/\/www.europesays.com\/fr\/wp-json\/wp\/v2\/users\/2"}],"replies":[{"embeddable":true,"href":"https:\/\/www.europesays.com\/fr\/wp-json\/wp\/v2\/comments?post=300902"}],"version-history":[{"count":0,"href":"https:\/\/www.europesays.com\/fr\/wp-json\/wp\/v2\/posts\/300902\/revisions"}],"wp:featuredmedia":[{"embeddable":true,"href":"https:\/\/www.europesays.com\/fr\/wp-json\/wp\/v2\/media\/300903"}],"wp:attachment":[{"href":"https:\/\/www.europesays.com\/fr\/wp-json\/wp\/v2\/media?parent=300902"}],"wp:term":[{"taxonomy":"category","embeddable":true,"href":"https:\/\/www.europesays.com\/fr\/wp-json\/wp\/v2\/categories?post=300902"},{"taxonomy":"post_tag","embeddable":true,"href":"https:\/\/www.europesays.com\/fr\/wp-json\/wp\/v2\/tags?post=300902"}],"curies":[{"name":"wp","href":"https:\/\/api.w.org\/{rel}","templated":true}]}}