{"id":300904,"date":"2025-08-06T17:44:11","date_gmt":"2025-08-06T17:44:11","guid":{"rendered":"https:\/\/www.europesays.com\/fr\/300904\/"},"modified":"2025-08-06T17:44:11","modified_gmt":"2025-08-06T17:44:11","slug":"incendie-dans-laude-francois-bayrou-evoque-une-catastrophe-dampleur-inedite-lunion-europeenne-se-tient-prete-a-aider","status":"publish","type":"post","link":"https:\/\/www.europesays.com\/fr\/300904\/","title":{"rendered":"Incendie dans l&rsquo;Aude: Fran\u00e7ois Bayrou \u00e9voque une \u00ab\u00a0catastrophe d\u2019ampleur in\u00e9dite\u00a0\u00bb,\u00a0l&rsquo;Union europ\u00e9enne se tient \u00ab\u00a0pr\u00eate\u00a0\u00bb \u00e0 aider"},"content":{"rendered":"<p>\u00ab\u00a0Nous suivons de pr\u00e8s la situation difficile des incendies dans le d\u00e9partement de l&rsquo;Aude\u00a0\u00bb, a d\u00e9clar\u00e9 la responsable sur le r\u00e9seau social X.<\/p>\n<p>L&rsquo;Union europ\u00e9enne est \u00ab\u00a0pr\u00eate \u00e0 mobiliser\u00a0\u00bb des moyens, \u00ab\u00a0si n\u00e9cessaire\u00a0\u00bb a-t-elle indiqu\u00e9.<\/p>\n<p>Dans une atmosph\u00e8re \u00e2cre et suffocante, <strong>le plus gros incendie de l&rsquo;\u00e9t\u00e9 en France<\/strong> a d\u00e9j\u00e0 parcouru <a href=\"https:\/\/www.nicematin.com\/faits-divers\/13000-hectares-parcourus-un-mort-et-neuf-blesses-une-enquete-ouverte-pour-en-determiner-les-causes-on-fait-le-point-sur-le-violent-incendie-dans-l-aude-997073\" rel=\"nofollow noopener\" target=\"_blank\">16.000 hectares de v\u00e9g\u00e9tation en 24 heures<\/a> dans l&rsquo;Aude, o\u00f9 il a fait un mort, un bless\u00e9 grave et un disparu.<\/p>\n<p>Alors que le feu se dirigeait vers le sud-est et le littoral m\u00e9diterran\u00e9en, le vent a chang\u00e9 de direction \u00ab\u00a0et pousse l&rsquo;incendie \u00e0 revenir vers son point de d\u00e9part\u00a0\u00bb, a d\u00e9clar\u00e9 la secr\u00e9taire g\u00e9n\u00e9rale de la pr\u00e9fecture de l&rsquo;Aude\u00a0Lucie Roesch.<\/p>\n<p>\u00ab\u00a0Le vent et la trajectoire du feu \u00e9voluent. On r\u00e9ajuste le dispositif. L&rsquo;incendie va vers des zones bois\u00e9es assez inaccessibles\u00a0\u00bb, ajoute-t-elle. Menac\u00e9e mardi soir et dans la nuit par la progression de l&rsquo;incendie, <strong>l&rsquo;autoroute A9 entre la France et l&rsquo;Espagne a ainsi pu rouvrir<\/strong> en d\u00e9but d&rsquo;apr\u00e8s-midi.<\/p>\n<p>\u00ab\u00a0La situation est toujours d\u00e9favorable\u00a0\u00bb en raison de la s\u00e9cheresse, de la chaleur et du vent fort, a-t-elle ajout\u00e9.<\/p>\n<p>Le feu a parcouru<strong> 16.000 hectares de garrigue et de r\u00e9sineux sur quinze communes impact\u00e9es<\/strong>, <strong>d\u00e9truit ou endommag\u00e9 25 habitations ainsi que 35 v\u00e9hicules<\/strong>, selon un bilan provisoire qui ne pr\u00e9cise pas encore la superficie br\u00fbl\u00e9e.<\/p>\n<p><strong>Une enqu\u00eate a \u00e9t\u00e9 ouverte<\/strong> pour d\u00e9terminer les causes du feu, encore inconnues, qui est parti peu apr\u00e8s 16h mardi \u00e0 Ribaute, a-t-on appris aupr\u00e8s du parquet de Carcassonne. <strong>Aucune hypoth\u00e8se n&rsquo;est pour l&rsquo;heure privil\u00e9gi\u00e9e.<\/strong><\/p>\n<p><a href=\"https:\/\/www.nicematin.com\/faits-divers\/incendie-dans-l-aude-francois-bayrou-attendu-sur-place-ce-mercredi-apres-midi-997063\" rel=\"nofollow noopener\" target=\"_blank\">Le Premier ministre, Fran\u00e7ois Bayrou, est arriv\u00e9 sur place<\/a> dans l&rsquo;apr\u00e8s-midi, ainsi que le ministre de l&rsquo;Int\u00e9rieur Bruno Retailleau et Fran\u00e7ois-No\u00ebl Buffet, ministre aupr\u00e8s du ministre de l&rsquo;Int\u00e9rieur.\u00a0<\/p>\n<p>S\u2019exprimant devant la presse \u00e0 Saint-Laurent-de-la-Cabrerisse, dans l\u2019Aude, il a \u00e9voqu\u00e9 une \u00ab\u00a0catastrophe d\u2019ampleur in\u00e9dite\u00a0\u00bb\u00a0avant de d\u00e9clarer qu\u2019il faut travailler \u00e0\u00a0\u00ab\u00a0pr\u00e9parer ce que demain doit \u00eatre\u00a0\u00bb\u00a0car\u00a0\u00ab\u00a0le changement climatique se fait sentir et entra\u00eene des \u00e9v\u00e9nements in\u00e9dits. L\u2019\u00e9v\u00e9nement d\u2019aujourd\u2019hui est li\u00e9 au changement climatique et \u00e0 la s\u00e9cheresse\u00a0\u00bb.<\/p>\n","protected":false},"excerpt":{"rendered":"\u00ab\u00a0Nous suivons de pr\u00e8s la situation difficile des incendies dans le d\u00e9partement de l&rsquo;Aude\u00a0\u00bb, a d\u00e9clar\u00e9 la responsable&hellip;\n","protected":false},"author":2,"featured_media":300905,"comment_status":"","ping_status":"","sticky":false,"template":"","format":"standard","meta":{"footnotes":""},"categories":[1586],"tags":[11,1777,674,1779,118,1011,27,12,25,1778,364],"class_list":{"0":"post-300904","1":"post","2":"type-post","3":"status-publish","4":"format-standard","5":"has-post-thumbnail","7":"category-europe","8":"tag-actualites","9":"tag-eu","10":"tag-europe","11":"tag-european-union","12":"tag-faits-divers","13":"tag-fr","14":"tag-france","15":"tag-news","16":"tag-republique-francaise","17":"tag-ue","18":"tag-union-europeenne"},"share_on_mastodon":{"url":"https:\/\/pubeurope.com\/@fr\/114983066959197845","error":""},"_links":{"self":[{"href":"https:\/\/www.europesays.com\/fr\/wp-json\/wp\/v2\/posts\/300904","targetHints":{"allow":["GET"]}}],"collection":[{"href":"https:\/\/www.europesays.com\/fr\/wp-json\/wp\/v2\/posts"}],"about":[{"href":"https:\/\/www.europesays.com\/fr\/wp-json\/wp\/v2\/types\/post"}],"author":[{"embeddable":true,"href":"https:\/\/www.europesays.com\/fr\/wp-json\/wp\/v2\/users\/2"}],"replies":[{"embeddable":true,"href":"https:\/\/www.europesays.com\/fr\/wp-json\/wp\/v2\/comments?post=300904"}],"version-history":[{"count":0,"href":"https:\/\/www.europesays.com\/fr\/wp-json\/wp\/v2\/posts\/300904\/revisions"}],"wp:featuredmedia":[{"embeddable":true,"href":"https:\/\/www.europesays.com\/fr\/wp-json\/wp\/v2\/media\/300905"}],"wp:attachment":[{"href":"https:\/\/www.europesays.com\/fr\/wp-json\/wp\/v2\/media?parent=300904"}],"wp:term":[{"taxonomy":"category","embeddable":true,"href":"https:\/\/www.europesays.com\/fr\/wp-json\/wp\/v2\/categories?post=300904"},{"taxonomy":"post_tag","embeddable":true,"href":"https:\/\/www.europesays.com\/fr\/wp-json\/wp\/v2\/tags?post=300904"}],"curies":[{"name":"wp","href":"https:\/\/api.w.org\/{rel}","templated":true}]}}