{"id":300908,"date":"2025-08-06T17:46:11","date_gmt":"2025-08-06T17:46:11","guid":{"rendered":"https:\/\/www.europesays.com\/fr\/300908\/"},"modified":"2025-08-06T17:46:11","modified_gmt":"2025-08-06T17:46:11","slug":"nous-navons-pas-dautre-choix-que-dadopter-une-approche-de-plus-grande-fermete-avec-lalgerie","status":"publish","type":"post","link":"https:\/\/www.europesays.com\/fr\/300908\/","title":{"rendered":"\u00ab\u00a0Nous n\u2019avons pas d\u2019autre choix que d\u2019adopter une approche de plus grande fermet\u00e9\u00a0\u00bb avec l\u2019Alg\u00e9rie"},"content":{"rendered":"<p><strong>EXCLUSIF &#8211; <\/strong>Dans une lettre adress\u00e9e \u00e0 Fran\u00e7ois Bayrou que nous d\u00e9voilons, le chef de l\u2019\u00c9tat constate les \u00ab\u00a0difficult\u00e9s croissantes\u00a0\u00bb avec le r\u00e9gime d\u2019Alger et charge le gouvernement de \u00ab\u00a0prendre des d\u00e9cisions suppl\u00e9mentaires\u00a0\u00bb.<\/p>\n<p class=\"fig-paragraph\">Longtemps pr\u00e9cautionneux avec\u00a0<a href=\"http:\/\/www.lefigaro.fr\/international\/dossier\/relations-entre-la-france-et-l-algerie-tout-comprendre-aux-tensions-diplomatiques\" data-fig-type=\"Topic\" data-gtm-custom-categorie=\"navigation\" data-gtm-custom-action=\"crossclick\" data-gtm-custom-label=\"Contextuel\" data-gtm-event=\"customEventSPE\" data-fig-domain=\"LEFIGARO\" rel=\"nofollow noopener\" target=\"_blank\">l\u2019Alg\u00e9rie<\/a>, Emmanuel Macron change de ton. Dans une lettre qu\u2019il a transmise mercredi au premier ministre, il charge le gouvernement de \u00ab\u00a0prendre des d\u00e9cisions suppl\u00e9mentaires\u00a0\u00bb pour \u00ab\u00a0agir avec plus de fermet\u00e9 et de d\u00e9termination\u00a0\u00bb. \u00ab\u00a0Les autorit\u00e9s alg\u00e9riennes ont fait le choix d\u00e9lib\u00e9r\u00e9 de ne pas r\u00e9pondre \u00e0 nos appels r\u00e9p\u00e9t\u00e9s au cours des derniers mois \u00e0 travailler ensemble dans l\u2019int\u00e9r\u00eat de nos deux nations. Il aurait pu en \u00eatre autrement. D\u00e9sormais, nous n\u2019avons pas d\u2019autre choix que d\u2019adopter une approche de plus grande fermet\u00e9\u00a0\u00bb, se justifie le pr\u00e9sident de la R\u00e9publique aupr\u00e8s du Figaro.<\/p>\n<p class=\"fig-paragraph\">Un tournant depuis la d\u00e9gradation de la relation bilat\u00e9rale, acc\u00e9l\u00e9r\u00e9e par la reconnaissance par la France de la souverainet\u00e9 marocaine au Sahara occidental. Jusqu\u2019alors, et malgr\u00e9\u00a0les demandes r\u00e9p\u00e9t\u00e9es du ministre de l\u2019Int\u00e9rieur, Bruno Retailleau, le chef de l\u2019\u00c9tat tentait de garder le dialogue ouvert avec son homologue Abdelmadjid Tebboune, dont le dernier\u2026<\/p>\n<p class=\"fig-premium-paywall__infos\">\n        Cet article est r\u00e9serv\u00e9 aux abonn\u00e9s.        Il vous reste 84% \u00e0 d\u00e9couvrir.\n    <\/p>\n<p>                <img  data- alt=\"Le Figaro\" class=\"fig-img--complete fig-img\"\/><\/p>\n<p class=\"fig-premium-paywall__title\">Vous avez envie de lire la suite ?<\/p>\n<p class=\"fig-premium-paywall__subtitle\">D\u00e9bloquez tous les articles imm\u00e9diatement.<\/p>\n<p class=\"fig-premium-paywall__connect\">\n                D\u00e9j\u00e0 abonn\u00e9\u00a0?                <a class=\"fig-premium-paywall__connect-link\" href=\"https:\/\/connect.lefigaro.fr\/login?client=horizon_web&amp;type=main&amp;redirect_uri=https%3A%2F%2Fwww.lefigaro.fr%2Fpolitique%2Femmanuel-macron-au-figaro-nous-n-avons-pas-d-autre-choix-que-d-adopter-une-approche-de-plus-grande-fermete-avec-l-algerie-20250806\" data-js-gtm=\"{&quot;customCategorie&quot;: &quot;conversion&quot;, &quot;customAction&quot;: &quot;before_Landing_Connexion_paywall_auto&quot;, &quot;customLabel&quot;: &quot;bGVmaWdhcm8uZnJfXzFmMDcyYzQ3LTU3YjYtNjc3NC1iOTllLWQ3ODA3NTFlOGFlZF9fQXJ0aWNsZQ==_Emmanuel Macron au &lt;i&gt;Figaro\u00a0&lt;\/i&gt;: \u00ab\u00a0Nous n\u2019avons pas d\u2019autre choix que d\u2019adopter une approche de plus grande fermet\u00e9\u00a0\u00bb avec l\u2019Alg\u00e9rie_356&quot;, &quot;customIDSPE&quot;: &quot;bGVmaWdhcm8uZnJfXzFmMDcyYzQ3LTU3YjYtNjc3NC1iOTllLWQ3ODA3NTFlOGFlZF9fQXJ0aWNsZQ==&quot;, &quot;event&quot;: &quot;customEventSPE&quot;}\" rel=\"nofollow noopener\" target=\"_blank\"><br \/>\n                    Connectez-vous<br \/>\n                <\/a>\n            <\/p>\n","protected":false},"excerpt":{"rendered":"EXCLUSIF &#8211; Dans une lettre adress\u00e9e \u00e0 Fran\u00e7ois Bayrou que nous d\u00e9voilons, le chef de l\u2019\u00c9tat constate les&hellip;\n","protected":false},"author":2,"featured_media":300909,"comment_status":"","ping_status":"","sticky":false,"template":"","format":"standard","meta":{"footnotes":""},"categories":[2],"tags":[11,1073,1011,27,12,25],"class_list":{"0":"post-300908","1":"post","2":"type-post","3":"status-publish","4":"format-standard","5":"has-post-thumbnail","7":"category-actualites","8":"tag-actualites","9":"tag-emmanuel-macron","10":"tag-fr","11":"tag-france","12":"tag-news","13":"tag-republique-francaise"},"share_on_mastodon":{"url":"https:\/\/pubeurope.com\/@fr\/114983074788666748","error":""},"_links":{"self":[{"href":"https:\/\/www.europesays.com\/fr\/wp-json\/wp\/v2\/posts\/300908","targetHints":{"allow":["GET"]}}],"collection":[{"href":"https:\/\/www.europesays.com\/fr\/wp-json\/wp\/v2\/posts"}],"about":[{"href":"https:\/\/www.europesays.com\/fr\/wp-json\/wp\/v2\/types\/post"}],"author":[{"embeddable":true,"href":"https:\/\/www.europesays.com\/fr\/wp-json\/wp\/v2\/users\/2"}],"replies":[{"embeddable":true,"href":"https:\/\/www.europesays.com\/fr\/wp-json\/wp\/v2\/comments?post=300908"}],"version-history":[{"count":0,"href":"https:\/\/www.europesays.com\/fr\/wp-json\/wp\/v2\/posts\/300908\/revisions"}],"wp:featuredmedia":[{"embeddable":true,"href":"https:\/\/www.europesays.com\/fr\/wp-json\/wp\/v2\/media\/300909"}],"wp:attachment":[{"href":"https:\/\/www.europesays.com\/fr\/wp-json\/wp\/v2\/media?parent=300908"}],"wp:term":[{"taxonomy":"category","embeddable":true,"href":"https:\/\/www.europesays.com\/fr\/wp-json\/wp\/v2\/categories?post=300908"},{"taxonomy":"post_tag","embeddable":true,"href":"https:\/\/www.europesays.com\/fr\/wp-json\/wp\/v2\/tags?post=300908"}],"curies":[{"name":"wp","href":"https:\/\/api.w.org\/{rel}","templated":true}]}}