{"id":300912,"date":"2025-08-06T17:48:14","date_gmt":"2025-08-06T17:48:14","guid":{"rendered":"https:\/\/www.europesays.com\/fr\/300912\/"},"modified":"2025-08-06T17:48:14","modified_gmt":"2025-08-06T17:48:14","slug":"laffaire-de-famille-guillamoundeguy-ffgolf","status":"publish","type":"post","link":"https:\/\/www.europesays.com\/fr\/300912\/","title":{"rendered":"L\u2019affaire de famille Guillamoundeguy | FFGolf"},"content":{"rendered":"<p>Un an apr\u00e8s nous avoir partag\u00e9 son regard sur sa premi\u00e8re saison en deuxi\u00e8me division europ\u00e9enne, peu de choses \u2014 d\u2019apr\u00e8s lui \u2014 ont chang\u00e9 dans l\u2019organisation du joueur. Pourtant, dans son entourage, les visages n\u2019ont pas tous les m\u00eames traits que douze mois plus t\u00f4t. <strong>Pierre-Jean<\/strong> <strong>Cassagne<\/strong> a laiss\u00e9 place \u00e0 <strong>Robin<\/strong> <strong>Cocq<\/strong> en tant que coach de performance, compl\u00e9tant le travail de longue date avec <strong>Ren\u00e9<\/strong> <strong>Darrieumerlou<\/strong>. Mais surtout, c\u2019est une pr\u00e9paratrice mentale officieuse qui a fait son apparition qui n\u2019est autre que\u2026 sa maman. \u00ab\u00a0Je ne la compte pas dans mon staff parce qu\u2019en r\u00e9alit\u00e9, on a toujours parl\u00e9 comme on le fait\u00a0\u00bb, simplifie-t-il. La vie, les humeurs, le d\u00e9ballage de sac\u2026 entre eux, tous les sujets y passent, hormis celui du golf. \u00ab\u00a0Parce que j\u2019ai plus de recul sur certaines choses, j\u2019arrive plus facilement \u00e0 parler de sujets profonds. C\u2019est ma confidente \u00bb, ajoute l\u2019int\u00e9ress\u00e9. D\u2019autant plus que cette derni\u00e8re a repris ses \u00e9tudes pour passer des dipl\u00f4mes de psychologue. Et lorsque ses qualit\u00e9s de m\u00e8re ne suffisent plus \u00e0 convaincre son fils, la d\u00e9formation professionnelle se manifeste d\u00e9j\u00e0 : \u00ab\u00a0Elle me dit parfois des choses qu\u2019une m\u00e8re ne dirait pas, mais toujours avec la forme d\u2019une maman donc \u00e7a passe\u00a0\u00bb, sourit Oihan avant de poursuivre : \u00ab En fait, elle va chercher \u00e0 savoir l\u2019\u00e9tat dans lequel son fils est, et pas le joueur.\u00a0Et moi j\u2019adore discuter avec elle, il n\u2019y a pas meilleure personne pour \u00e7a parce que, avec mon p\u00e8re et mon fr\u00e8re\u2026 il y a plus de pudeur. \u00bb<\/p>\n<p>\u00ab\u00a0C\u2019est marrant parce qu\u2019on est totalement oppos\u00e9, lui et moi, sur \u00e7a, compare <strong>Lilian<\/strong>, son fr\u00e8re. Lui, il a grandement besoin d&rsquo;exprimer les choses.\u00a0\u00bb Depuis le d\u00e9but de l\u2019ann\u00e9e 2024, l\u2019a\u00een\u00e9 de la famille Guillamoundeguy accompagne son cadet pour, paradoxalement, le caddeyer. Ce qui devait \u00eatre une mission de d\u00e9pannage pour quelques tournois est finalement devenu une vocation. \u00ab\u00a0Il est exceptionnel, il travaille beaucoup pour \u00eatre \u00e0 la hauteur\u00a0\u00bb, note celui qui compl\u00e8te le bin\u00f4me. Pour cela, le grand Guillamoundeguy s\u2019est renseign\u00e9 aupr\u00e8s des meilleurs Tricolores de la fonction, dont <strong>Tom<\/strong> <strong>Ayling<\/strong> et <strong>Samuel<\/strong> <strong>Bernard<\/strong>. \u00ab\u00a0On s\u2019est toujours tr\u00e8s bien entendu, d\u00e9voile Lilian. Et m\u00eame s\u2019il y a la relation caddie-joueur, il y a toujours celle de fr\u00e8res qui existe. Celle-l\u00e0 nous permet de parler de tout et de rien.\u00a0\u00bb<\/p>\n","protected":false},"excerpt":{"rendered":"Un an apr\u00e8s nous avoir partag\u00e9 son regard sur sa premi\u00e8re saison en deuxi\u00e8me division europ\u00e9enne, peu de&hellip;\n","protected":false},"author":2,"featured_media":300913,"comment_status":"","ping_status":"","sticky":false,"template":"","format":"standard","meta":{"footnotes":""},"categories":[1418],"tags":[1011,27,1472,60],"class_list":{"0":"post-300912","1":"post","2":"type-post","3":"status-publish","4":"format-standard","5":"has-post-thumbnail","7":"category-golf","8":"tag-fr","9":"tag-france","10":"tag-golf","11":"tag-sports"},"share_on_mastodon":{"url":"https:\/\/pubeurope.com\/@fr\/114983082553730497","error":""},"_links":{"self":[{"href":"https:\/\/www.europesays.com\/fr\/wp-json\/wp\/v2\/posts\/300912","targetHints":{"allow":["GET"]}}],"collection":[{"href":"https:\/\/www.europesays.com\/fr\/wp-json\/wp\/v2\/posts"}],"about":[{"href":"https:\/\/www.europesays.com\/fr\/wp-json\/wp\/v2\/types\/post"}],"author":[{"embeddable":true,"href":"https:\/\/www.europesays.com\/fr\/wp-json\/wp\/v2\/users\/2"}],"replies":[{"embeddable":true,"href":"https:\/\/www.europesays.com\/fr\/wp-json\/wp\/v2\/comments?post=300912"}],"version-history":[{"count":0,"href":"https:\/\/www.europesays.com\/fr\/wp-json\/wp\/v2\/posts\/300912\/revisions"}],"wp:featuredmedia":[{"embeddable":true,"href":"https:\/\/www.europesays.com\/fr\/wp-json\/wp\/v2\/media\/300913"}],"wp:attachment":[{"href":"https:\/\/www.europesays.com\/fr\/wp-json\/wp\/v2\/media?parent=300912"}],"wp:term":[{"taxonomy":"category","embeddable":true,"href":"https:\/\/www.europesays.com\/fr\/wp-json\/wp\/v2\/categories?post=300912"},{"taxonomy":"post_tag","embeddable":true,"href":"https:\/\/www.europesays.com\/fr\/wp-json\/wp\/v2\/tags?post=300912"}],"curies":[{"name":"wp","href":"https:\/\/api.w.org\/{rel}","templated":true}]}}