{"id":300914,"date":"2025-08-06T17:50:15","date_gmt":"2025-08-06T17:50:15","guid":{"rendered":"https:\/\/www.europesays.com\/fr\/300914\/"},"modified":"2025-08-06T17:50:15","modified_gmt":"2025-08-06T17:50:15","slug":"a-peine-arrivee-une-recrue-venue-de-toulouse-se-trouve-a-linfirmerie","status":"publish","type":"post","link":"https:\/\/www.europesays.com\/fr\/300914\/","title":{"rendered":"A peine arriv\u00e9e, une recrue venue de Toulouse se trouve \u00e0 l&rsquo;infirmerie"},"content":{"rendered":"<p>Le Stade Aurillacois a bien de raisons de se mordre les doigts. Alors qu&rsquo;il pensait pouvoir compter sur sa jeune recrue estivale pour le d\u00e9but de saison, ce ne sera plus le cas. Paul Dauguet est victime d&rsquo;une blessure grave qui va l&rsquo;\u00e9loigner des terrains pendant un bon moment.<\/p>\n<p>\u00a0<\/p>\n<p>Rendez-vous 2026 pour le jeune pilier<\/p>\n<p>\u00a0<\/p>\n<p>Le joueur de 21 ans venu tout droit de Toulouse s&rsquo;est bless\u00e9 pendant le match amical contre Narbonne qui s&rsquo;est d\u00e9roul\u00e9 vendredi dernier. Il est touch\u00e9 au genou et Midi Olympique renseigne que Paul Dauguet devrait en avoir pour au moins six mois. Ce qui renvoie son retour de l&rsquo;infirmerie \u00e0 2026 probablement.<\/p>\n<p>\u00a0<\/p>\n<p>Pour rappel, le jeune pilier s&rsquo;est engag\u00e9 avec l&rsquo;\u00e9quipe de Pro D2 pour les quatre prochaines ann\u00e9es. Il est donc li\u00e9 au Stade Aurillacois jusqu&rsquo;en juin 2029. Ne pouvant plus compter sur lui, le staff technique et la direction du club vont certainement chercher \u00e0 se renforcer suite au forfait de Paul Dauguet.<\/p>\n<p>Partagez cette info avec vos amis et vos proches en cliquant ici<br \/>Pour r\u00e9sumer<\/p>\n<p>Le Stade Aurillacois devra faire sans Paul Dauguet, bless\u00e9 au genou lors d\u2019un amical contre Narbonne. Absent au moins six mois, le pilier de 21 ans ne reviendra qu\u2019en 2026. Engag\u00e9 jusqu\u2019en 2029, il laisse un vide que le club cherche \u00e0 combler.<\/p>\n<p> <img decoding=\"async\" width=\"76\" height=\"76\" loading=\"lazy\" src=\"https:\/\/www.europesays.com\/fr\/wp-content\/uploads\/2025\/04\/avatar-quinze.png\" alt=\"Voldi Fr\u00e9jus\u00a0Hounvio\"\/><\/p>\n","protected":false},"excerpt":{"rendered":"Le Stade Aurillacois a bien de raisons de se mordre les doigts. Alors qu&rsquo;il pensait pouvoir compter sur&hellip;\n","protected":false},"author":2,"featured_media":300915,"comment_status":"","ping_status":"","sticky":false,"template":"","format":"standard","meta":{"footnotes":""},"categories":[1416],"tags":[1011,27,479,1468,60],"class_list":{"0":"post-300914","1":"post","2":"type-post","3":"status-publish","4":"format-standard","5":"has-post-thumbnail","7":"category-rugby","8":"tag-fr","9":"tag-france","10":"tag-rugby","11":"tag-rugby-football","12":"tag-sports"},"share_on_mastodon":{"url":"https:\/\/pubeurope.com\/@fr\/114983090486695075","error":""},"_links":{"self":[{"href":"https:\/\/www.europesays.com\/fr\/wp-json\/wp\/v2\/posts\/300914","targetHints":{"allow":["GET"]}}],"collection":[{"href":"https:\/\/www.europesays.com\/fr\/wp-json\/wp\/v2\/posts"}],"about":[{"href":"https:\/\/www.europesays.com\/fr\/wp-json\/wp\/v2\/types\/post"}],"author":[{"embeddable":true,"href":"https:\/\/www.europesays.com\/fr\/wp-json\/wp\/v2\/users\/2"}],"replies":[{"embeddable":true,"href":"https:\/\/www.europesays.com\/fr\/wp-json\/wp\/v2\/comments?post=300914"}],"version-history":[{"count":0,"href":"https:\/\/www.europesays.com\/fr\/wp-json\/wp\/v2\/posts\/300914\/revisions"}],"wp:featuredmedia":[{"embeddable":true,"href":"https:\/\/www.europesays.com\/fr\/wp-json\/wp\/v2\/media\/300915"}],"wp:attachment":[{"href":"https:\/\/www.europesays.com\/fr\/wp-json\/wp\/v2\/media?parent=300914"}],"wp:term":[{"taxonomy":"category","embeddable":true,"href":"https:\/\/www.europesays.com\/fr\/wp-json\/wp\/v2\/categories?post=300914"},{"taxonomy":"post_tag","embeddable":true,"href":"https:\/\/www.europesays.com\/fr\/wp-json\/wp\/v2\/tags?post=300914"}],"curies":[{"name":"wp","href":"https:\/\/api.w.org\/{rel}","templated":true}]}}