{"id":300920,"date":"2025-08-06T17:54:16","date_gmt":"2025-08-06T17:54:16","guid":{"rendered":"https:\/\/www.europesays.com\/fr\/300920\/"},"modified":"2025-08-06T17:54:16","modified_gmt":"2025-08-06T17:54:16","slug":"le-terrain-et-largent-mais-pas-lautorisation-de-ses-voisins","status":"publish","type":"post","link":"https:\/\/www.europesays.com\/fr\/300920\/","title":{"rendered":"le terrain et l&rsquo;argent\u2026 mais pas l&rsquo;autorisation de ses voisins"},"content":{"rendered":"<p>Voir sa descendance un jour piloter une monoplace et remporter des Grands Prix de Formule 1. Peut-\u00eatre est-ce r\u00eave qui a pouss\u00e9 ce p\u00e8re \u00e0 faire construire dans son jardin une piste de karting pour que son fils puisse parfaire son pilotage. C\u2019\u00e9tait pourtant sans compter sur la r\u00e9volte de ses voisins qui ne l\u2019entendent pas de cette oreille !<\/p>\n<p>L\u2019histoire qui aurait pu \u00eatre belle a depuis tourn\u00e9 au vinaigre. Celle d\u2019un homme, au compte en banque plut\u00f4t bien fourni et des r\u00eaves pleins la t\u00eate pour son jeune gar\u00e7on. Pour satisfaire la passion du bambin pour le pilotage automobile (et peut-\u00eatre la sienne par procuration), <strong>son g\u00e9niteur d\u00e9cide ainsi de faire construire une piste de <a title=\"karting\" href=\"https:\/\/www.automobile-magazine.fr\/insolite\/article\/44592-quand-charles-leclerc-roule-en-karting-pour-jules-bianchi-ca-rigole-pas\" rel=\"nofollow noopener\" target=\"_blank\">karting<\/a> dans son propre jardin<\/strong>. Un conte de f\u00e9es moderne ? Un fait divers en v\u00e9rit\u00e9.<\/p>\n<p>100 000 dollars mais pas au soleil<\/p>\n<p>Car, en effet, l\u2019ambition de vivre la course automobile en mode \u00ab\u00a0priv\u00e9\u00a0\u00bb de ce p\u00e8re de famille du Maryland, aux Etats-Unis, n\u2019est pas du tout au go\u00fbt du voisinage de cette bonne ville de Highland. Ainsi, depuis l\u2019ach\u00e8vement de la fameuse piste, qui aura n\u00e9cessit\u00e9 l\u2019injection de la modique somme de 100 000 dollars, <strong>des dizaines de voisins du propri\u00e9taire font des pieds et des mains pour faire d\u00e9truire l\u00e9galement ladite piste du discorde<\/strong>.<\/p>\n<p>Faire d\u00e9truire cette piste de karting<\/p>\n<p>En effet, dans cette zone rurale et tranquille, <strong>les voisins alentours craignent que l\u2019usage de cette piste ne soit notamment pour eux une source de <a title=\"nuisances\" href=\"https:\/\/www.automobile-magazine.fr\/toute-l-actualite\/article\/46943-bouchons-nuisances-et-insecurite-dans-ces-rues-de-paris-une-situation-intolerable\" rel=\"nofollow noopener\" target=\"_blank\">nuisances<\/a> sonores <\/strong>; au m\u00eame titre qu&rsquo;ils redoutent l\u2019afflux de nombreux pratiquants venus de l&rsquo;ext\u00e9rieur et qui viendraient de la m\u00eame mani\u00e8re perturber leur quotidien. R\u00e9sultat, depuis des mois les d\u00e9tracteurs cherchent par tous les moyens l\u00e9gaux \u00e0 faire d\u00e9truire cette piste. Et c\u2019est par la voix du Comt\u00e9 que les opposants ont th\u00e9oriquement obtenu gain de cause puisque les autorit\u00e9s publiques ont ordonn\u00e9 la fin de l\u2019utilisation du ruban goudronn\u00e9.<\/p>\n<p><img decoding=\"async\" loading=\"lazy\" alt=\"La pratique du karting dans le cadre priv\u00e9 c'est hyper cool... quand c'est l\u00e9gal.\" src=\"https:\/\/www.europesays.com\/fr\/wp-content\/uploads\/2025\/08\/la-pratique-du-karting-dans-le-cadre-prive-cest-hyper-cool-quand-cest-legal.jpg\" width=\"800\" height=\"449\"\/>La pratique du karting dans le cadre priv\u00e9 c&rsquo;est hyper cool&#8230; quand c&rsquo;est l\u00e9gal.\u00a9 YayimagesTentative de conciliation<\/p>\n<p>R\u00e9sultat, c\u2019est le propri\u00e9taire de la maison et du jardin transform\u00e9 en terrain de course, qui cherche \u00e0 pr\u00e9sent \u00e0 emp\u00eacher cette ordonnance. Par la voix de son avocat, lors de la r\u00e9union de quartier qui s\u2019est tenue le 30 juillet dernier, qui a <strong>propos\u00e9 que \u00ab\u00a0seuls son fils et deux amis soient autoris\u00e9s \u00e0 l&rsquo;utiliser et toujours avec des karts \u00e9lectriques et dans un d\u00e9lai d\u00e9termin\u00e9.\u00a0\u00bb<\/strong><\/p>\n<p>Du kart puis de l&rsquo;h\u00e9lico ?<\/p>\n<p>Un argument apparemment pas suffisant pour convaincre les voisins, lesquels ont r\u00e9torqu\u00e9 que le propri\u00e9taire de la piste \u2013 qui se trouve \u00e0 seulement quelques dizaines de m\u00e8tres des premi\u00e8res habitations &#8211; n&rsquo;avait pas respect\u00e9 la proc\u00e9dure pr\u00e9vue par le comt\u00e9, ni obtenu les autorisations n\u00e9cessaires \u00e0 la construction du circuit, tout en faisant fi de la destruction de la faune et de la flore environnantes. <strong>Remont\u00e9s comme jamais, les opposants ont m\u00eame mis un coup de pression suppl\u00e9mentaire \u00e0 ce voisin<\/strong> en qui ils n\u2019ont aucune confiance \u2013 certains pensent qu&rsquo;apr\u00e8s la piste de kart il ne fasse construire un h\u00e9liport priv\u00e9 (!) \u2013 en lan\u00e7ant une p\u00e9tition sur la plateforme d\u00e9di\u00e9e Change.org, et ainsi recueillir un maximum de signatures jusqu\u2019\u00e0 faire, esp\u00e8rent-ils, d\u00e9molir le circuit. Une sacr\u00e9e zizanie et, sans doute, une encre qui n&rsquo;a pas fini de couler.<\/p>\n<p> <img decoding=\"async\" src=\"https:\/\/www.europesays.com\/fr\/wp-content\/uploads\/2025\/04\/laurent-lepsch.webp.webp\" alt=\"Laurent Lepsch\" width=\"120\" height=\"120\" class=\"visu-auteur\" loading=\"lazy\"\/><\/p>\n<p class=\"short-txt\"> Journaliste automobile digital depuis de nombreuses ann\u00e9es, j\u2019ai aussi un go\u00fbt prononc\u00e9 pour les sports m\u00e9caniques.<\/p>\n<p>  Publi\u00e9 le  06\/08\/2025 \u00e0 19:30  <\/p>\n","protected":false},"excerpt":{"rendered":"Voir sa descendance un jour piloter une monoplace et remporter des Grands Prix de Formule 1. Peut-\u00eatre est-ce&hellip;\n","protected":false},"author":2,"featured_media":300921,"comment_status":"","ping_status":"","sticky":false,"template":"","format":"standard","meta":{"footnotes":""},"categories":[1412],"tags":[1451,1452,1453,1454,1455,1011,27,1757,60],"class_list":{"0":"post-300920","1":"post","2":"type-post","3":"status-publish","4":"format-standard","5":"has-post-thumbnail","7":"category-f1","8":"tag-f1","9":"tag-formula-1","10":"tag-formula1","11":"tag-formule-1","12":"tag-formule1","13":"tag-fr","14":"tag-france","15":"tag-insolite","16":"tag-sports"},"share_on_mastodon":{"url":"https:\/\/pubeurope.com\/@fr\/114983106245422829","error":""},"_links":{"self":[{"href":"https:\/\/www.europesays.com\/fr\/wp-json\/wp\/v2\/posts\/300920","targetHints":{"allow":["GET"]}}],"collection":[{"href":"https:\/\/www.europesays.com\/fr\/wp-json\/wp\/v2\/posts"}],"about":[{"href":"https:\/\/www.europesays.com\/fr\/wp-json\/wp\/v2\/types\/post"}],"author":[{"embeddable":true,"href":"https:\/\/www.europesays.com\/fr\/wp-json\/wp\/v2\/users\/2"}],"replies":[{"embeddable":true,"href":"https:\/\/www.europesays.com\/fr\/wp-json\/wp\/v2\/comments?post=300920"}],"version-history":[{"count":0,"href":"https:\/\/www.europesays.com\/fr\/wp-json\/wp\/v2\/posts\/300920\/revisions"}],"wp:featuredmedia":[{"embeddable":true,"href":"https:\/\/www.europesays.com\/fr\/wp-json\/wp\/v2\/media\/300921"}],"wp:attachment":[{"href":"https:\/\/www.europesays.com\/fr\/wp-json\/wp\/v2\/media?parent=300920"}],"wp:term":[{"taxonomy":"category","embeddable":true,"href":"https:\/\/www.europesays.com\/fr\/wp-json\/wp\/v2\/categories?post=300920"},{"taxonomy":"post_tag","embeddable":true,"href":"https:\/\/www.europesays.com\/fr\/wp-json\/wp\/v2\/tags?post=300920"}],"curies":[{"name":"wp","href":"https:\/\/api.w.org\/{rel}","templated":true}]}}