{"id":300925,"date":"2025-08-06T17:57:10","date_gmt":"2025-08-06T17:57:10","guid":{"rendered":"https:\/\/www.europesays.com\/fr\/300925\/"},"modified":"2025-08-06T17:57:10","modified_gmt":"2025-08-06T17:57:10","slug":"tu-me-casses-les-cilles-iris-mittenaere-diego-el-glaoui-assume-tout-au-sujet-de-son-ex-compagne","status":"publish","type":"post","link":"https:\/\/www.europesays.com\/fr\/300925\/","title":{"rendered":"\u00ab\u00a0Tu me casses les c**illes\u00a0\u00bb : Iris Mittenaere, Diego El Glaoui assume tout au sujet de son ex-compagne"},"content":{"rendered":"<p>Il a souhait\u00e9 montrer <strong>une sc\u00e8ne authentique qu\u2019il ne regrette pas<\/strong>, mais pour laquelle il a souhait\u00e9 pr\u00e9senter ses excuses. Diego El Glaoui n\u2019est pas du genre \u00e0 faire l\u2019autruche et montre tout de sa vie, m\u00eame les moments les plus difficiles. La preuve, avec sa prise de parole concernant une sc\u00e8ne du documentaire <strong>\u00ab\u00a0Influence(s)\u00a0\u00bb<\/strong>, qui a vivement fait r\u00e9agir \u00e0 cause de son comportement envers <a href=\"https:\/\/www.public.fr\/tag\/iris-mittenaere\" target=\"_blank\" rel=\"noopener\">Iris Mittenaere.\u00a0<\/a><\/p>\n<p>Pour rappel, l\u2019homme d\u2019affaires et <a href=\"https:\/\/www.public.fr\/iris-mittenaere-nous-a-fait-faux-bond-la-verite-derriere-son-absence-dans-ninja-warrior-devoilee-par-christophe-beaugrand\" target=\"_blank\" rel=\"noopener\">l\u2019ancienne Miss France<\/a> ont coul\u00e9 des jours heureux pendant de nombreuses ann\u00e9es. Mais apr\u00e8s <strong>cinq ans de relation<\/strong> et des fian\u00e7ailles en 2022, <a href=\"https:\/\/vsd.fr\/63167-franchement-cest-douloureux-iris-mittenaere-brise-le-silence-sur-sa-rupture-avec-son-fiance-diego\/\" target=\"_blank\" rel=\"noopener\">le couple a d\u00e9cid\u00e9 de se s\u00e9parer,<\/a> alors qu\u2019un mariage devait pourtant avoir lieu.\u00a0<\/p>\n<p>Une rupture sur laquelle les principaux int\u00e9ress\u00e9s n\u2019ont pas souhait\u00e9 s\u2019\u00e9pancher plus que cela. N\u00e9anmoins, il y a quelques mois, Diego El Glaoui r\u00e9agissait aux d\u00e9clarations du blogueur Aqababe dans le canal Instagram de ce dernier. Le blogueur r\u00e9v\u00e9lant que l\u2019ancienne Miss France aurait faut\u00e9 avec son ancien compagnon.<\/p>\n<p>Les r\u00e9v\u00e9lations d&rsquo;Aqababe au sujet de Diego El Glaoui et Iris Mittenaere<\/p>\n<p>\u00ab\u00a0Je n&rsquo;ai jamais souhait\u00e9 que la v\u00e9rit\u00e9 soit rendue publique et jamais je n&rsquo;aurais pens\u00e9 devoir l&rsquo;\u00e9voquer ici. J&rsquo;ai choisi le silence par pudeur, par respect pour notre histoire, par fiert\u00e9 aussi.\u00a0Mais aussi pour prot\u00e9ger son image, malgr\u00e9 l&rsquo;injustice et la douleur que j&rsquo;ai travers\u00e9es\u00a0\u00bb, expliquait notamment l\u2019homme d\u2019affaires.<\/p>\n<p>Apr\u00e8s cette prise de parole, c\u2019est Iris Mittenaere qui <a href=\"https:\/\/www.public.fr\/iris-mittenaere-repond-a-son-ex-diego-el-glaoui-qui-laccuse-de-tromperies-il-est-temps-que-cela-cesse\" target=\"_blank\" rel=\"noopener\">a souhait\u00e9 intervenir<\/a> et d\u00e9mentir les accusations \u00e0 son encontre. \u00ab\u00a0Depuis plusieurs jours, je fais l&rsquo;objet d&rsquo;une campagne de haine et de diffamation sur les r\u00e9seaux sociaux. Des propos mensongers, volontairement d\u00e9form\u00e9s ou sortis de leur contexte ont \u00e9t\u00e9 relay\u00e9s pour tenter de nuire \u00e0 mon image, a ma parole et a mon engagement\u00a0\u00bb,\u00a0regrettait-elle dans un premier temps.<\/p>\n<p>Avant de poursuivre :\u00a0\u00ab\u00a0Je ne suis pas la seule dans ce cas. Comme trop d&rsquo;autres femmes,\u00a0je constate \u00e0 quel point la calomnie, le harc\u00e8lement et la manipulation sont devenus des outils de pression en ligne. Il est temps que cela cesse\u00a0\u00bb.<\/p>\n<p>Depuis, la justice s\u2019est saisie de l\u2019affaire. En effet, Iris Mittenaere a d\u00e9pos\u00e9 \u00ab\u00a0une plainte p\u00e9nale aupr\u00e8s du Procureur de la R\u00e9publique de Paris pour divulgation de correspondances priv\u00e9es, diffamation publique, cyberharc\u00e8lement et incitation au cyberharc\u00e8lement\u00a0\u00bb.<\/p>\n<p>L&rsquo;homme d&rsquo;affaires regrette son comportement envers l&rsquo;ancienne Miss France<\/p>\n<p>Une affaire que Diego El Glaoui n\u2019a plus \u00e9voqu\u00e9e de son c\u00f4t\u00e9. N\u00e9anmoins, celui-ci a r\u00e9cemment souhait\u00e9 <strong>revenir sur une p\u00e9riode de son couple<\/strong> avec l\u2019ancienne Miss France. En effet, lors d\u2019une session questions\/r\u00e9ponses avec ses abonn\u00e9s sur Instagram, le jeune homme a fait part de ses regrets.<\/p>\n<p>Dans le documentaire <strong>\u00ab\u00a0Influence(s)\u00a0\u00bb<\/strong>, un passage avait particuli\u00e8rement fait r\u00e9agir. Une sc\u00e8ne d\u00e9voilait un \u00e9change tendu entre Diego El Glaoui et Iris Mittenaere. <strong>\u00ab\u00a0Tu me casses les c**illes\u00a0\u00bb<\/strong>, lui avait-il l\u00e2ch\u00e9, exasp\u00e9r\u00e9 par leur d\u00e9saccord. Conscient que cet \u00e9change ait pu choquer internautes et abonn\u00e9s, l\u2019ancien compagnon de l\u2019ex-reine de beaut\u00e9 a souhait\u00e9 pr\u00e9senter ses excuses, mais tout assumer.\u00a0<\/p>\n<p>\u00ab\u00a0J\u2019aurais pu faire supprimer ce passage de la s\u00e9rie [&#8230;] mais <strong>il me tenait \u00e0 c\u0153ur de partager quelque chose de vrai et de sinc\u00e8re<\/strong>. Mon comportement \u00e0 l\u2019\u00e9cran n\u2019est pas chic et je m\u2019en excuse\u00a0\u00bb, indique l\u2019homme d\u2019affaires qui se d\u00e9fend et rappelle avoir agi dans un<a href=\"https:\/\/www.femmeactuelle.fr\/actu\/news-actu\/iris-mittenaere-se-confie-sur-sa-rupture-avec-diego-el-glaoui-et-avoue-devoir-faire-le-deuil-des-enfants-qu-elle-aurait-aimes-avoir-2175801\" target=\"_blank\" rel=\"noopener\"> contexte personnel difficile<\/a>. En effet, il aurait tout juste pris connaissance de l\u2019infid\u00e9lit\u00e9 de son ex-compagne.<\/p>\n<p>      Mentionn\u00e9s dans cet article<\/p>\n<p>      Sur le m\u00eame sujet<\/p>\n","protected":false},"excerpt":{"rendered":"Il a souhait\u00e9 montrer une sc\u00e8ne authentique qu\u2019il ne regrette pas, mais pour laquelle il a souhait\u00e9 pr\u00e9senter&hellip;\n","protected":false},"author":2,"featured_media":300926,"comment_status":"","ping_status":"","sticky":false,"template":"","format":"standard","meta":{"footnotes":""},"categories":[1359],"tags":[1193,58,59,1011,27,43927,7308,3034,973],"class_list":{"0":"post-300925","1":"post","2":"type-post","3":"status-publish","4":"format-standard","5":"has-post-thumbnail","7":"category-people","8":"tag-couple","9":"tag-divertissement","10":"tag-entertainment","11":"tag-fr","12":"tag-france","13":"tag-infidele","14":"tag-iris-mittenaere","15":"tag-miss-france","16":"tag-people"},"share_on_mastodon":{"url":"https:\/\/pubeurope.com\/@fr\/114983118028638899","error":""},"_links":{"self":[{"href":"https:\/\/www.europesays.com\/fr\/wp-json\/wp\/v2\/posts\/300925","targetHints":{"allow":["GET"]}}],"collection":[{"href":"https:\/\/www.europesays.com\/fr\/wp-json\/wp\/v2\/posts"}],"about":[{"href":"https:\/\/www.europesays.com\/fr\/wp-json\/wp\/v2\/types\/post"}],"author":[{"embeddable":true,"href":"https:\/\/www.europesays.com\/fr\/wp-json\/wp\/v2\/users\/2"}],"replies":[{"embeddable":true,"href":"https:\/\/www.europesays.com\/fr\/wp-json\/wp\/v2\/comments?post=300925"}],"version-history":[{"count":0,"href":"https:\/\/www.europesays.com\/fr\/wp-json\/wp\/v2\/posts\/300925\/revisions"}],"wp:featuredmedia":[{"embeddable":true,"href":"https:\/\/www.europesays.com\/fr\/wp-json\/wp\/v2\/media\/300926"}],"wp:attachment":[{"href":"https:\/\/www.europesays.com\/fr\/wp-json\/wp\/v2\/media?parent=300925"}],"wp:term":[{"taxonomy":"category","embeddable":true,"href":"https:\/\/www.europesays.com\/fr\/wp-json\/wp\/v2\/categories?post=300925"},{"taxonomy":"post_tag","embeddable":true,"href":"https:\/\/www.europesays.com\/fr\/wp-json\/wp\/v2\/tags?post=300925"}],"curies":[{"name":"wp","href":"https:\/\/api.w.org\/{rel}","templated":true}]}}