{"id":300927,"date":"2025-08-06T17:58:14","date_gmt":"2025-08-06T17:58:14","guid":{"rendered":"https:\/\/www.europesays.com\/fr\/300927\/"},"modified":"2025-08-06T17:58:14","modified_gmt":"2025-08-06T17:58:14","slug":"rendre-visible-les-paysages-invisibles-le-photographe-plongeur-fait-emerger-les-mondes-engloutis","status":"publish","type":"post","link":"https:\/\/www.europesays.com\/fr\/300927\/","title":{"rendered":"\u00ab\u00a0Rendre visible les paysages invisibles\u00a0\u00bb\u00a0: le photographe plongeur fait \u00e9merger les mondes engloutis"},"content":{"rendered":"<p>Parmi ses faits d\u2019armes\u00a0: ce clich\u00e9 incroyable r\u00e9alis\u00e9 dans la P\u00e9ruse, pr\u00e8s de Ruffec, en contre-plong\u00e9e (l\u2019expression n\u2019a jamais eu autant de sens)\u00a0: un paysage d\u2019automne de la surface mais pris depuis les profondeurs.<\/p>\n<p>        <img decoding=\"async\" id=\"25378249\" src=\"https:\/\/www.europesays.com\/fr\/wp-content\/uploads\/2025\/08\/01122024-dsc4237-1.jpg\" alt=\"Incroyable photo r\u00e9alis\u00e9e dans la P\u00e9ruse, pr\u00e8s de Ruffec. Paysage d\u2019automne en contre-plong\u00e9e.\" itemprop=\"contentURL\"\/><\/p>\n<p>    Incroyable photo r\u00e9alis\u00e9e dans la P\u00e9ruse, pr\u00e8s de Ruffec. Paysage d\u2019automne en contre-plong\u00e9e.<\/p>\n<p>Fr\u00e9d\u00e9ric Damato.<\/p>\n<p>Ou celui de brochets rencontr\u00e9s dans les eaux cristallines d\u2019une fray\u00e8re secr\u00e8te aliment\u00e9e par des r\u00e9surgences d\u2019eau douce. Ce dernier a tap\u00e9 dans l\u2019\u0153il des jur\u00e9s du Festival international du film et de photographie sous-marine de Tr\u00e9beurden, en Bretagne. Ils lui ont d\u00e9cern\u00e9 l\u2019ann\u00e9e derni\u00e8re un \u00ab\u00a0ormeau d\u2019argent\u00a0\u00bb.<\/p>\n<p>        <img decoding=\"async\" id=\"25378282\" src=\"https:\/\/www.europesays.com\/fr\/wp-content\/uploads\/2025\/08\/damato-1.jpg\" alt=\"Avec cette photo, il a d\u00e9croch\u00e9 un prix, un \u201cormeau d\u2019argent\u201d.\" itemprop=\"contentURL\"\/><\/p>\n<p>    Avec cette photo, il a d\u00e9croch\u00e9 un prix, un \u201cormeau d\u2019argent\u201d.<\/p>\n<p>Fr\u00e9d\u00e9ric Damato<\/p>\n<p>L\u2019image n\u2019est pas son m\u00e9tier. Fr\u00e9d\u00e9ric Damato est prof d\u2019histoire-g\u00e9o au lyc\u00e9e Charles Coulomb d\u2019Angoul\u00eame. Mais au fil du temps, ce plongeur \u00e9m\u00e9rite, p\u00e8re de trois enfants, s\u2019est m\u00e9tamorphos\u00e9 en \u00ab\u00a0photographe hydrophile\u00a0\u00bb. Fascin\u00e9 par le monde inconnu, soucieux de partager son exp\u00e9rience. \u00ab\u00a0J\u2019aime avant tout rendre visible un monde invisible\u00a0\u00bb.<\/p>\n<blockquote><p>\u201cConstituer une m\u00e9moire de ces paysages\u201d<\/p><\/blockquote>\n<p>Pour y parvenir, il enfile donc sa combinaison 8\u00a0mm, avec cagoule, des gants et des chaussons. S\u2019enfonce doucement dans les eaux, caisson \u00e9tanche \u00e0 bout de bras, reli\u00e9 \u00e0 un appareil photo \u00e9quip\u00e9 de flashs puissants. \u00ab\u00a0La principale difficult\u00e9 pour recr\u00e9er les ambiances sous-marines, c\u2019est le manque de lumi\u00e8re\u00a0\u00bb.<\/p>\n<p>    La r\u00e9daction vous conseille<\/p>\n<p>Son terrain de jeu est celui du fleuve et de ses affluents. Des lieux dont il ne d\u00e9voile pas les adresses pour \u00e9viter qu\u2019ils soient envahis. Surtout, dit-il, ne pas perturber l\u2019\u00e9cosyst\u00e8me. Fr\u00e9d\u00e9ric Damato s\u2019int\u00e9resse autant aux poissons et qu\u2019aux \u00ab\u00a0prairies aquatiques\u00a0\u00bb. \u00ab\u00a0Les gens connaissent les esp\u00e8ces, mais pas les paysages.\u00a0\u00bb Sous l\u2019eau, il joue avec les reflets, compose des images aux couleurs lunaires ou bucoliques.<\/p>\n<p>    La r\u00e9daction vous conseille<\/p>\n<p>\u00ab\u00a0Ces photos t\u00e9moignent d\u2019un \u00e9tat du monde\u00a0\u00bb, dit-il. De sa fragilit\u00e9 aussi. Son engagement presque militant reste amateur\u00a0: il expose, mais ne vend rien. \u00c0 ses yeux, la photographie subaquatique, \u00ab\u00a0sous-repr\u00e9sent\u00e9e\u00a0\u00bb, est pr\u00e9cieuse. \u00ab\u00a0Je veux simplement constituer une m\u00e9moire de ces paysages avant qu\u2019ils ne changent. Ou disparaissent.\u00a0\u00bb<\/p>\n<p>        <img decoding=\"async\" id=\"25378089\" src=\"https:\/\/www.europesays.com\/fr\/wp-content\/uploads\/2025\/08\/13032024-3-1.jpg\" alt=\"\u201cCette image est repr\u00e9sentative de mon travail\u201d.\" itemprop=\"contentURL\"\/><\/p>\n<p>    \u201cCette image est repr\u00e9sentative de mon travail\u201d.<\/p>\n<p>Fr\u00e9d\u00e9ric Damato<\/p>\n<p>        <img decoding=\"async\" id=\"25378483\" src=\"https:\/\/www.europesays.com\/fr\/wp-content\/uploads\/2025\/08\/clic-clac.jpg\" itemprop=\"contentURL\"\/><\/p>\n","protected":false},"excerpt":{"rendered":"Parmi ses faits d\u2019armes\u00a0: ce clich\u00e9 incroyable r\u00e9alis\u00e9 dans la P\u00e9ruse, pr\u00e8s de Ruffec, en contre-plong\u00e9e (l\u2019expression n\u2019a&hellip;\n","protected":false},"author":2,"featured_media":300928,"comment_status":"","ping_status":"","sticky":false,"template":"","format":"standard","meta":{"footnotes":""},"categories":[1358],"tags":[1348,1384,1385,1386,58,59,1011,27],"class_list":{"0":"post-300927","1":"post","2":"type-post","3":"status-publish","4":"format-standard","5":"has-post-thumbnail","7":"category-arts-et-design","8":"tag-arts","9":"tag-arts-and-design","10":"tag-arts-et-design","11":"tag-design","12":"tag-divertissement","13":"tag-entertainment","14":"tag-fr","15":"tag-france"},"share_on_mastodon":{"url":"https:\/\/pubeurope.com\/@fr\/114983122053226291","error":""},"_links":{"self":[{"href":"https:\/\/www.europesays.com\/fr\/wp-json\/wp\/v2\/posts\/300927","targetHints":{"allow":["GET"]}}],"collection":[{"href":"https:\/\/www.europesays.com\/fr\/wp-json\/wp\/v2\/posts"}],"about":[{"href":"https:\/\/www.europesays.com\/fr\/wp-json\/wp\/v2\/types\/post"}],"author":[{"embeddable":true,"href":"https:\/\/www.europesays.com\/fr\/wp-json\/wp\/v2\/users\/2"}],"replies":[{"embeddable":true,"href":"https:\/\/www.europesays.com\/fr\/wp-json\/wp\/v2\/comments?post=300927"}],"version-history":[{"count":0,"href":"https:\/\/www.europesays.com\/fr\/wp-json\/wp\/v2\/posts\/300927\/revisions"}],"wp:featuredmedia":[{"embeddable":true,"href":"https:\/\/www.europesays.com\/fr\/wp-json\/wp\/v2\/media\/300928"}],"wp:attachment":[{"href":"https:\/\/www.europesays.com\/fr\/wp-json\/wp\/v2\/media?parent=300927"}],"wp:term":[{"taxonomy":"category","embeddable":true,"href":"https:\/\/www.europesays.com\/fr\/wp-json\/wp\/v2\/categories?post=300927"},{"taxonomy":"post_tag","embeddable":true,"href":"https:\/\/www.europesays.com\/fr\/wp-json\/wp\/v2\/tags?post=300927"}],"curies":[{"name":"wp","href":"https:\/\/api.w.org\/{rel}","templated":true}]}}