{"id":300929,"date":"2025-08-06T17:59:22","date_gmt":"2025-08-06T17:59:22","guid":{"rendered":"https:\/\/www.europesays.com\/fr\/300929\/"},"modified":"2025-08-06T17:59:22","modified_gmt":"2025-08-06T17:59:22","slug":"une-rare-premiere-edition-du-hobbit-de-tolkien-aux-encheres","status":"publish","type":"post","link":"https:\/\/www.europesays.com\/fr\/300929\/","title":{"rendered":"une rare premi\u00e8re \u00e9dition du \u00ab\u00a0Hobbit\u00a0\u00bb de Tolkien aux ench\u00e8res"},"content":{"rendered":"\n<p class=\"c-chapo \">\n  Le livre, d\u00e9couvert par hasard, vient de la biblioth\u00e8que familiale d&rsquo;Hubert Priestley, un botaniste qui a \u00ab\u00a0probablement\u00a0\u00bb connu l&rsquo;auteur.\n<\/p>\n<p>            lire plus tard<\/p>\n<p id=\"dialog__title\" class=\"dialog__title\">Pour sauvegarder cet article, connectez-vous ou cr\u00e9ez un compte franceinfo<\/p>\n<p class=\"dialog__description\">Sans paiement. Sans abonnement.<\/p>\n<p>        Fermer la fen\u00eatre d\u2019activation des notifications France Info<\/p>\n<p>            cr\u00e9er votre compte<\/p>\n<p>            se connecter<\/p>\n<p>        Fermer la fen\u00eatre de pr\u00e9sentation<\/p>\n<p>    <img loading=\"lazy\" decoding=\"async\" class=\"signature__image lazyload\" width=\"100\" height=\"100\" data- alt=\"\" src=\"https:\/\/www.europesays.com\/fr\/wp-content\/uploads\/2025\/05\/64abd44855ee1_placeholder-36b69ec8.png\"\/><\/p>\n<p>          France T\u00e9l\u00e9visions &#8211; R\u00e9daction Culture<\/p>\n<p>    Publi\u00e9 le 06\/08\/2025 16:17<\/p>\n<p>        Temps de lecture : 1min<\/p>\n<p>    <img decoding=\"async\"  alt=\"Capture de la page consacr\u00e9e \u00e0 la vente de l'ouvrage de Tolkien sur le site de la maison Auctioneum. (AUCTIONEUM)\" width=\"432\" height=\"243\" src=\"https:\/\/www.europesays.com\/fr\/wp-content\/uploads\/2025\/08\/the-hobbit-tolkien-6893618196cab312628274.jpg\" fetchpriority=\"high\"\/><\/p>\n<p>      Capture de la page consacr\u00e9e \u00e0 la vente de l&rsquo;ouvrage de Tolkien sur le site de la maison Auctioneum. (AUCTIONEUM)<\/p>\n<p>Une premi\u00e8re \u00e9dition du Hobbit de l&rsquo;\u00e9crivain britannique J.\u00a0R.\u00a0R.\u00a0Tolkien, d\u00e9couverte par hasard lors du d\u00e9barras d&rsquo;une maison \u00e0 Bristol en Angleterre, doit \u00eatre vendue aux ench\u00e8res mercredi soir 6\u00a0ao\u00fbt, a annonc\u00e9 la maison de ventes. L&rsquo;estimation de d\u00e9part avait \u00e9t\u00e9 \u00e9tablie \u00e0 10\u00a0000\u00a0livres (environ 11\u00a0500\u00a0euros) mais l&rsquo;ouvrage atteignait 23\u00a0000\u00a0livres (environ 26\u00a0400\u00a0euros) mercredi \u00e0 la mi-journ\u00e9e, <a href=\"https:\/\/timed.eastbristol.co.uk\/auctions\/9352\/sreas11159\/lot-details\/4db3bbb5-2b4e-4cd4-9347-b323011b1edd\" target=\"_blank\" rel=\"noopener nofollow\">lors de ces ench\u00e8res en ligne<\/a> qui s&rsquo;ach\u00e8vent mercredi soir, selon la maison Auctioneum.<\/p>\n<p>Il fait partie des quelque 1\u00a0500\u00a0exemplaires imprim\u00e9s en 1937, lors de la premi\u00e8re \u00e9dition de ce qui est devenu un best-seller mondial. Le livre vient de la biblioth\u00e8que familiale d&rsquo;Hubert Priestley, un botaniste qui a \u00ab\u00a0probablement\u00a0\u00bb connu l&rsquo;auteur, selon Auctioneum.<\/p>\n<p>\u00ab\u00a0Personne ne savait que le livre se trouvait l\u00e0\u00a0\u00bb, assure l&rsquo;experte Caitlin Riley, cit\u00e9e dans le communiqu\u00e9 de la maison des ventes. C&rsquo;est elle qui a fait l&rsquo;heureuse d\u00e9couverte dans la maison, lors d&rsquo;une op\u00e9ration de d\u00e9barras. \u00ab\u00a0Je n&rsquo;en croyais pas mes yeux (&#8230;), c&rsquo;est une trouvaille d&rsquo;une raret\u00e9 inimaginable\u00a0\u00bb, dit-elle. Avec sa couverture vert p\u00e2le, le livre comprend des illustrations en noir et blanc de l&rsquo;auteur.<\/p>\n<p>Toutes les \u00e9ditions qui ont suivi disposent, elles, d&rsquo;illustrations en couleur, pr\u00e9cise Auctioneum. Le Hobbit, voulu \u00e0 la base comme un livre pour enfants, raconte les aventures de Bilbon Sacquet et d&rsquo;un groupe de nains, partis \u00e0 la reconqu\u00eate du royaume d&rsquo;Erebor et d&rsquo;un fabuleux tr\u00e9sor, tomb\u00e9s entre les griffes de Smaug, un dragon cracheur de feu.<\/p>\n<p>En 2015, une \u00e9dition originale, avec une d\u00e9dicace en langue elfique, avait \u00e9t\u00e9 vendue aux ench\u00e8res \u00e0 137\u00a0000\u00a0livres (187\u00a0000\u00a0euros), par Sotheby&rsquo;s \u00e0 Londres.<\/p>\n","protected":false},"excerpt":{"rendered":"Le livre, d\u00e9couvert par hasard, vient de la biblioth\u00e8que familiale d&rsquo;Hubert Priestley, un botaniste qui a \u00ab\u00a0probablement\u00a0\u00bb connu&hellip;\n","protected":false},"author":2,"featured_media":300930,"comment_status":"","ping_status":"","sticky":false,"template":"","format":"standard","meta":{"footnotes":""},"categories":[1357],"tags":[1379,58,59,1011,27,1380],"class_list":{"0":"post-300929","1":"post","2":"type-post","3":"status-publish","4":"format-standard","5":"has-post-thumbnail","7":"category-livres","8":"tag-books","9":"tag-divertissement","10":"tag-entertainment","11":"tag-fr","12":"tag-france","13":"tag-livres"},"share_on_mastodon":{"url":"https:\/\/pubeurope.com\/@fr\/114983125956137302","error":""},"_links":{"self":[{"href":"https:\/\/www.europesays.com\/fr\/wp-json\/wp\/v2\/posts\/300929","targetHints":{"allow":["GET"]}}],"collection":[{"href":"https:\/\/www.europesays.com\/fr\/wp-json\/wp\/v2\/posts"}],"about":[{"href":"https:\/\/www.europesays.com\/fr\/wp-json\/wp\/v2\/types\/post"}],"author":[{"embeddable":true,"href":"https:\/\/www.europesays.com\/fr\/wp-json\/wp\/v2\/users\/2"}],"replies":[{"embeddable":true,"href":"https:\/\/www.europesays.com\/fr\/wp-json\/wp\/v2\/comments?post=300929"}],"version-history":[{"count":0,"href":"https:\/\/www.europesays.com\/fr\/wp-json\/wp\/v2\/posts\/300929\/revisions"}],"wp:featuredmedia":[{"embeddable":true,"href":"https:\/\/www.europesays.com\/fr\/wp-json\/wp\/v2\/media\/300930"}],"wp:attachment":[{"href":"https:\/\/www.europesays.com\/fr\/wp-json\/wp\/v2\/media?parent=300929"}],"wp:term":[{"taxonomy":"category","embeddable":true,"href":"https:\/\/www.europesays.com\/fr\/wp-json\/wp\/v2\/categories?post=300929"},{"taxonomy":"post_tag","embeddable":true,"href":"https:\/\/www.europesays.com\/fr\/wp-json\/wp\/v2\/tags?post=300929"}],"curies":[{"name":"wp","href":"https:\/\/api.w.org\/{rel}","templated":true}]}}