{"id":300933,"date":"2025-08-06T18:01:10","date_gmt":"2025-08-06T18:01:10","guid":{"rendered":"https:\/\/www.europesays.com\/fr\/300933\/"},"modified":"2025-08-06T18:01:10","modified_gmt":"2025-08-06T18:01:10","slug":"un-pari-fou-radio-u-sagrandit-avec-deux-nouveaux-studios-a-morlaix-et-quimper","status":"publish","type":"post","link":"https:\/\/www.europesays.com\/fr\/300933\/","title":{"rendered":"\u00ab\u00a0Un pari fou\u00a0\u00bb\u00a0: Radio U s\u2019agrandit avec deux nouveaux studios \u00e0 Morlaix et Quimper"},"content":{"rendered":"<p>L\u2019aventure commence en 2001. N\u00e9e \u00e0 l\u2019initiative d\u2019un petit groupe d\u2019\u00e9tudiants, Radio U compte, \u00e0 pr\u00e9sent, plus de 70\u00a0b\u00e9n\u00e9voles, cinq salari\u00e9s et quatre volontaires en service civique. La radio associative se d\u00e9veloppe \u00e0 Morlaix et Quimper, \u00e0 partir de septembre 2025.<\/p>\n<p>Un projet dans les t\u00eates depuis longtemps<\/p>\n<p>L\u2019id\u00e9e de s\u2019implanter \u00e0 Quimper remonte \u00e0 pr\u00e8s de dix ans, port\u00e9e par la volont\u00e9 du conseil d\u2019administration d\u2019\u00e9largir la pr\u00e9sence de la radio sur les diff\u00e9rents sites de l\u2019Universit\u00e9 de Bretagne occidentale (UBO). \u00ab\u00a0Le projet a pris de l\u2019ampleur d\u00e8s que les salari\u00e9s ont su que le DAB+ allait arriver \u00e0 Quimper, apr\u00e8s un appel \u00e0 candidatures lanc\u00e9 par l\u2019Arcom (Autorit\u00e9 de r\u00e9gulation de la communication audiovisuelle et num\u00e9rique) en 2022\u00a0\u00bb, explique Morgane Durrenbach, coordinatrice de la radio. Le DAB+ est la nouvelle bande hertzienne amen\u00e9e \u00e0 remplacer la FM d\u2019ici une dizaine d\u2019ann\u00e9es. Elle permettra une meilleure qualit\u00e9 sonore et une plus grande offre de stations de radio.<\/p>\n<p>L\u2019implantation \u00e0 Morlaix s\u2019est impos\u00e9e plus r\u00e9cemment. L\u2019\u00e9quipe a d\u00e9couvert un appel \u00e0 fr\u00e9quence simultan\u00e9 pour cette ville et a d\u00e9cid\u00e9 de candidater. \u00ab\u00a0C\u2019est un pari fou mais ce choix s\u2019est r\u00e9v\u00e9l\u00e9 coh\u00e9rent, gr\u00e2ce aux partenariats culturels d\u00e9j\u00e0 en place dans la r\u00e9gion, notamment <a href=\"https:\/\/www.letelegramme.fr\/finistere\/morlaix-29600\/a-morlaix-les-bonnes-ondes-du-theatre-et-de-radio-u-6360043.php\" target=\"_blank\" rel=\"noopener\">avec le Th\u00e9\u00e2tre du pays de Morlaix<\/a> ou <a href=\"https:\/\/www.letelegramme.fr\/culture-loisirs\/festivals\/panoramas\/\" target=\"_blank\" rel=\"noopener\">le festival Panoramas<\/a>, et \u00e0 la pr\u00e9sence de l\u2019IUT\u00a0\u00bb, explique Pierre-Louis Leseul, journaliste charg\u00e9 d\u2019\u00e9ducation aux m\u00e9dias et futur coordinateur de l\u2019antenne de Morlaix.<\/p>\n<p>Un pari audacieux qui concerne tout le d\u00e9partement<\/p>\n<p>Ces deux nouvelles implantations marquent un changement pour Radio U qui passe d\u2019une radio locale brestoise \u00e0 une radio d\u00e9partementale, diffus\u00e9e en DAB+ dans tout le Finist\u00e8re. \u00ab\u00a0L\u2019id\u00e9e est de d\u00e9velopper des actions au-del\u00e0 des villes de Brest, Morlaix et Quimper. Tout le d\u00e9partement est concern\u00e9\u00a0\u00bb, ajoute Morgane Durrenbach.<\/p>\n<p>L\u2019ouverture simultan\u00e9e de deux studios repr\u00e9sente un d\u00e9fi audacieux. Radio U recrute donc deux salari\u00e9s suppl\u00e9mentaires \u00e0 temps plein, ce qui en fait l\u2019une des radios associatives les plus dynamiques de Bretagne et du r\u00e9seau Radio Campus France. \u00ab\u00a0Depuis quelques ann\u00e9es, on observe une volont\u00e9 et une dynamique des radios campus de se d\u00e9ployer dans les villes de taille moyenne, c\u2019est vraiment positif\u00a0\u00bb, explique \u00c9mile Palmantier, coordinateur \u00e9ditorial de Radio Campus France.<\/p>\n<p>Rendez-vous d\u00e8s septembre<\/p>\n<p>\u00ab\u00a0Nous accueillerons des b\u00e9n\u00e9voles d\u00e8s septembre \u00e0 Morlaix\u00a0\u00bb, annonce Pierre-Louis Leseul. Une soir\u00e9e de rentr\u00e9e aura lieu le 20 septembre, au bar Ty Coz.<\/p>\n<p>Concernant Quimper, les premi\u00e8res activit\u00e9s d\u00e9buteront \u00e9galement en septembre, avec une ouverture des locaux en novembre. Un plateau radio est aussi pr\u00e9vu au p\u00f4le universitaire Pierre-Jakez-H\u00e9lias, le 16 octobre.<\/p>\n<p>Pratique<\/p>\n<p class=\"note\">Radio U recrute de nouveaux b\u00e9n\u00e9voles \u00e0 Brest, Morlaix et Quimper. Contacts sur <a href=\"https:\/\/www.radio-u.org\/\" target=\"_blank\" rel=\"noopener\">le site de Radio U<\/a> et au 09\u00a081\u00a088\u00a010\u00a078.<\/p>\n","protected":false},"excerpt":{"rendered":"L\u2019aventure commence en 2001. N\u00e9e \u00e0 l\u2019initiative d\u2019un petit groupe d\u2019\u00e9tudiants, Radio U compte, \u00e0 pr\u00e9sent, plus de&hellip;\n","protected":false},"author":2,"featured_media":300934,"comment_status":"","ping_status":"","sticky":false,"template":"","format":"standard","meta":{"footnotes":""},"categories":[1355],"tags":[3450,829,872,58,765,59,3321,1011,27,3754,500,2131,1361,873,3319,1825,44098,5768],"class_list":{"0":"post-300933","1":"post","2":"type-post","3":"status-publish","4":"format-standard","5":"has-post-thumbnail","7":"category-musique","8":"tag-brest","9":"tag-bretagne","10":"tag-culture-et-loisirs","11":"tag-divertissement","12":"tag-en-continu","13":"tag-entertainment","14":"tag-finistere","15":"tag-fr","16":"tag-france","17":"tag-media","18":"tag-medias","19":"tag-morlaix","20":"tag-music","21":"tag-musique","22":"tag-quimper","23":"tag-radio","24":"tag-ubo","25":"tag-universite"},"share_on_mastodon":{"url":"https:\/\/pubeurope.com\/@fr\/114983133766830181","error":""},"_links":{"self":[{"href":"https:\/\/www.europesays.com\/fr\/wp-json\/wp\/v2\/posts\/300933","targetHints":{"allow":["GET"]}}],"collection":[{"href":"https:\/\/www.europesays.com\/fr\/wp-json\/wp\/v2\/posts"}],"about":[{"href":"https:\/\/www.europesays.com\/fr\/wp-json\/wp\/v2\/types\/post"}],"author":[{"embeddable":true,"href":"https:\/\/www.europesays.com\/fr\/wp-json\/wp\/v2\/users\/2"}],"replies":[{"embeddable":true,"href":"https:\/\/www.europesays.com\/fr\/wp-json\/wp\/v2\/comments?post=300933"}],"version-history":[{"count":0,"href":"https:\/\/www.europesays.com\/fr\/wp-json\/wp\/v2\/posts\/300933\/revisions"}],"wp:featuredmedia":[{"embeddable":true,"href":"https:\/\/www.europesays.com\/fr\/wp-json\/wp\/v2\/media\/300934"}],"wp:attachment":[{"href":"https:\/\/www.europesays.com\/fr\/wp-json\/wp\/v2\/media?parent=300933"}],"wp:term":[{"taxonomy":"category","embeddable":true,"href":"https:\/\/www.europesays.com\/fr\/wp-json\/wp\/v2\/categories?post=300933"},{"taxonomy":"post_tag","embeddable":true,"href":"https:\/\/www.europesays.com\/fr\/wp-json\/wp\/v2\/tags?post=300933"}],"curies":[{"name":"wp","href":"https:\/\/api.w.org\/{rel}","templated":true}]}}