{"id":300937,"date":"2025-08-06T18:03:08","date_gmt":"2025-08-06T18:03:08","guid":{"rendered":"https:\/\/www.europesays.com\/fr\/300937\/"},"modified":"2025-08-06T18:03:08","modified_gmt":"2025-08-06T18:03:08","slug":"un-premier-cas-autochtone-de-chikungunya-detecte-en-charente","status":"publish","type":"post","link":"https:\/\/www.europesays.com\/fr\/300937\/","title":{"rendered":"Un premier cas autochtone de chikungunya d\u00e9tect\u00e9 en Charente"},"content":{"rendered":"<p>C\u2019est une premi\u00e8re en Charente. Un cas autochtone de chikungunya a \u00e9t\u00e9 d\u00e9tect\u00e9 sur la commune de Val-de-Cognac, plus pr\u00e9cis\u00e9ment \u00e0 Saint-Sulpice-de-Cognac.<\/p>\n<p>L\u2019agence r\u00e9gionale de sant\u00e9 (ARS) pr\u00e9cise que ce cas a \u00e9t\u00e9 confirm\u00e9 par le centre national de r\u00e9f\u00e9rence des arbovirus, ce centre sp\u00e9cialiste des maladies virales transmises par les moustiques. L\u2019ARS indique aussi que l\u2019\u00e9tat de sant\u00e9 du patient en question n\u2019inspire pas d\u2019inqui\u00e9tudes, sans pr\u00e9ciser s\u2019il s\u2019agit d\u2019un homme ou d\u2019une femme.<\/p>\n<p>Le patient n\u2019a pas voyag\u00e9<\/p>\n<p>On parle de cas autochtone quand une personne a contract\u00e9 la maladie sur le territoire national et n\u2019a pas voyag\u00e9 en zone contamin\u00e9e dans les 15 jours pr\u00e9c\u00e9dant l\u2019apparition des sympt\u00f4mes. Pour rappel, le chikungunya se transmet de personne \u00e0 personne, uniquement par l\u2019interm\u00e9diaire de la piq\u00fbre d\u2019un moustique (moustique tigre pr\u00e9sent en m\u00e9tropole) infect\u00e9 par le virus du chikungunya. Ce type de situation est encore tr\u00e8s rare mais se d\u00e9veloppe. La plupart des cas de zika, chikungunya et dengue sont plut\u00f4t import\u00e9s (voir par ailleurs).<\/p>\n<p>Le chikungunya se manifeste 2 \u00e0 12 jours apr\u00e8s la piq\u00fbre par un moustique infect\u00e9. Les sympt\u00f4mes de la maladie peuvent \u00eatre vari\u00e9s (ils se r\u00e9v\u00e8lent parfois similaires \u00e0 ceux de la dengue) : fi\u00e8vre \u00e9lev\u00e9e, d\u2019apparition brutale ; courbatures et douleurs articulaires obligeant la personne \u00e0 se tenir vo\u00fbt\u00e9e &#8211; d\u2019o\u00f9 le nom de chikungunya, qui signifie \u00ab homme courb\u00e9 \u00bb dans la langue africaine makond\u00e9e- ; maux de t\u00eate, naus\u00e9es, fatigue et \u00e9ruption cutan\u00e9e au niveau du tronc et des membres. Dans certains cas, les sympt\u00f4mes restent l\u00e9gers et l\u2019infection passe inaper\u00e7ue. Les complications graves demeurant rares.<\/p>\n<p>Ce nouveau cas autochtone confirme l\u2019existence d\u2019un risque de transmission de ce virus en Nouvelle-Aquitaine. \u00c0 ce jour, il s\u2019agit du troisi\u00e8me \u00e9pisode de transmission identifi\u00e9 dans la r\u00e9gion, apr\u00e8s ceux des Landes et des Pyr\u00e9n\u00e9es-Atlantiques. L\u2019ARS ajoute que des mesures imm\u00e9diates ont \u00e9t\u00e9 mises en place pour limiter tout risque de propagation.<\/p>\n<p>Le conseil d\u00e9partemental de Charente-Maritime, qui est l\u2019op\u00e9rateur de suivi entomologique du moustique tigre en Charente, a r\u00e9alis\u00e9 une premi\u00e8re op\u00e9ration de d\u00e9moustication \u00e0 Val-de-Cognac dans la nuit du 4 au 5\u00a0ao\u00fbt, suivie de prospections \u00e0 domicile dont l\u2019objectif est d\u2019\u00e9liminer les g\u00eetes larvaires et les moustiques adultes qui peuvent transmettre le virus. Une autre op\u00e9ration de d\u00e9moustication aura lieu ce vendredi soir \u00e0 23 heures. \u00ab\u00a0Nous sommes tr\u00e8s sereins\u00a0\u00bb, rassure le maire de Val-de-Cognac Jean-Luc Girardeau. \u00ab\u00a0Il faut toujours prendre cela au s\u00e9rieux et nous sommes rassur\u00e9s avec ce que fait l\u2019ARS.\u00a0\u00bb<\/p>\n<p>Enfin, une enqu\u00eate en porte-\u00e0-porte sera r\u00e9alis\u00e9e par l\u2019ARS Nouvelle-Aquitaine et Sant\u00e9 publique France, en collaboration avec la mairie de Val-de-Cognac afin d\u2019identifier des personnes qui auraient ressenti des sympt\u00f4mes au cours des semaines pr\u00e9c\u00e9dentes.<\/p>\n<p>    16 foyers autochtones en France<br \/>\nEntre le 1er\u00a0mai (d\u00e9but de la surveillance renforc\u00e9e) et le 5\u00a0ao\u00fbt 2025, ont \u00e9t\u00e9 identifi\u00e9s dans l\u2019Hexagone\u00a0: 16 foyers de transmission autochtone de chikungunya (1 \u00e0 13 cas par foyer), 5 foyers de transmission autochtone de dengue (1 \u00e0 3 cas par foyer)\u00a0; 892 cas import\u00e9s de chikungunya\u00a0; 698 cas import\u00e9s de dengue\u00a0; 3 cas import\u00e9s de Zika.<\/p>\n","protected":false},"excerpt":{"rendered":"C\u2019est une premi\u00e8re en Charente. Un cas autochtone de chikungunya a \u00e9t\u00e9 d\u00e9tect\u00e9 sur la commune de Val-de-Cognac,&hellip;\n","protected":false},"author":2,"featured_media":300938,"comment_status":"","ping_status":"","sticky":false,"template":"","format":"standard","meta":{"footnotes":""},"categories":[10],"tags":[1011,27,72,71],"class_list":{"0":"post-300937","1":"post","2":"type-post","3":"status-publish","4":"format-standard","5":"has-post-thumbnail","7":"category-sante","8":"tag-fr","9":"tag-france","10":"tag-health","11":"tag-sante"},"share_on_mastodon":{"url":"https:\/\/pubeurope.com\/@fr\/114983141653654137","error":""},"_links":{"self":[{"href":"https:\/\/www.europesays.com\/fr\/wp-json\/wp\/v2\/posts\/300937","targetHints":{"allow":["GET"]}}],"collection":[{"href":"https:\/\/www.europesays.com\/fr\/wp-json\/wp\/v2\/posts"}],"about":[{"href":"https:\/\/www.europesays.com\/fr\/wp-json\/wp\/v2\/types\/post"}],"author":[{"embeddable":true,"href":"https:\/\/www.europesays.com\/fr\/wp-json\/wp\/v2\/users\/2"}],"replies":[{"embeddable":true,"href":"https:\/\/www.europesays.com\/fr\/wp-json\/wp\/v2\/comments?post=300937"}],"version-history":[{"count":0,"href":"https:\/\/www.europesays.com\/fr\/wp-json\/wp\/v2\/posts\/300937\/revisions"}],"wp:featuredmedia":[{"embeddable":true,"href":"https:\/\/www.europesays.com\/fr\/wp-json\/wp\/v2\/media\/300938"}],"wp:attachment":[{"href":"https:\/\/www.europesays.com\/fr\/wp-json\/wp\/v2\/media?parent=300937"}],"wp:term":[{"taxonomy":"category","embeddable":true,"href":"https:\/\/www.europesays.com\/fr\/wp-json\/wp\/v2\/categories?post=300937"},{"taxonomy":"post_tag","embeddable":true,"href":"https:\/\/www.europesays.com\/fr\/wp-json\/wp\/v2\/tags?post=300937"}],"curies":[{"name":"wp","href":"https:\/\/api.w.org\/{rel}","templated":true}]}}