{"id":300947,"date":"2025-08-06T18:08:12","date_gmt":"2025-08-06T18:08:12","guid":{"rendered":"https:\/\/www.europesays.com\/fr\/300947\/"},"modified":"2025-08-06T18:08:12","modified_gmt":"2025-08-06T18:08:12","slug":"apres-le-bresil-linde-egalement-cible-de-50-de-droits-de-douane-par-donald-trump-06-08-2025-a-1826","status":"publish","type":"post","link":"https:\/\/www.europesays.com\/fr\/300947\/","title":{"rendered":"Apr\u00e8s le Br\u00e9sil, l&rsquo;Inde \u00e9galement cible de 50% de droits de douane par Donald Trump &#8211; 06\/08\/2025 \u00e0 18:26"},"content":{"rendered":"<p>        <img fetchpriority=\"high\" decoding=\"async\" src=\"https:\/\/www.europesays.com\/fr\/wp-content\/uploads\/2025\/08\/8a2f344820efa03b51db52840b995820-760x514.jpg\" alt=\"Le pr\u00e9sident am\u00e9ricain Donald Trump lors d'une conf\u00e9rence de presse \u00e0 la Maison Blanche le 5 ao\u00fbt 2025 ( AFP \/ Brendan SMIALOWSKI )\" loading=\"eager\" width=\"760\" height=\"514\" style=\"max-width: 100%!important; height: auto;\"\/><\/p>\n<p class=\"c-image-news__legend\">Le pr\u00e9sident am\u00e9ricain Donald Trump lors d&rsquo;une conf\u00e9rence de presse \u00e0 la Maison Blanche le 5 ao\u00fbt 2025 ( AFP \/ Brendan SMIALOWSKI )<\/p>\n<p>\n Alors que les droits de douane de 50% sur les produits br\u00e9siliens sont entr\u00e9s en vigueur mercredi, avant le reste du monde jeudi, Donald Trump a ajout\u00e9 25% suppl\u00e9mentaire sur les produits indiens, reprochant \u00e0 New Delhi ses achats de p\u00e9trole russe.\n<\/p>\n<p>\n Cette nouvelle surtaxe vient s&rsquo;ajouter \u00e0 celle de 25% qui doit entrer en vigueur jeudi, en m\u00eame temps que les droits de douane que Donald Trump pr\u00e9sente comme \u00ab\u00a0r\u00e9ciproques\u00a0\u00bb, et ne sera effective que dans 21 jours, selon un d\u00e9cret du pr\u00e9sident am\u00e9ricain. Elle ne s&rsquo;appliquera pas sur un certain nombre de produits, ce qui vient en r\u00e9duire sensiblement la port\u00e9e.\n<\/p>\n<p>\n Cette mesure vise \u00e0 r\u00e9duire la capacit\u00e9 de Moscou \u00e0 financer le conflit en Ukraine, pr\u00e9sent\u00e9 dans le d\u00e9cret comme \u00ab\u00a0une menace inhabituelle et extraordinaire \u00e0 la s\u00e9curit\u00e9 nationale et la politique \u00e9trang\u00e8re des Etats-Unis\u00a0\u00bb.\n<\/p>\n<p>\n Dans un communiqu\u00e9, le minist\u00e8re indien des Affaires \u00e9trang\u00e8res a jug\u00e9 cette surtaxe \u00ab\u00a0extr\u00eamement regrettable\u00a0\u00bb, soulignant que \u00ab\u00a0plusieurs autres pays\u00a0\u00bb ach\u00e8tent du p\u00e9trole russe \u00ab\u00a0dans leur propre int\u00e9r\u00eat national\u00a0\u00bb.\n<\/p>\n<p>\n Apr\u00e8s la Chine, l&rsquo;Inde est le principal client russe pour son p\u00e9trole, qui repr\u00e9sentait en 2024 pr\u00e8s de 36% des importations indiennes en la mati\u00e8re, contre environ 2% avant le d\u00e9but de la guerre, en 2022, selon les donn\u00e9es du minist\u00e8re indien du Commerce.\n<\/p>\n<p>\n \u00ab\u00a0Cela marque un point bas dans les relations indo-am\u00e9ricaines\u00a0\u00bb, a estim\u00e9 dans une note la directrice de la South Asia Initiative, Farwa Aamer. \u00ab\u00a0L&rsquo;Inde ne veut pas remettre en cause ses relations avec la Russie\u00a0\u00bb, mais sera sous pression pour trouver une solution avec Washington.\n<\/p>\n<p>\n Ce d\u00e9cret intervient moins de 24 heures avant l&rsquo;entr\u00e9e en vigueur des droits de douane visant la majeure partie des partenaires commerciaux des Etats-Unis et que Donald Trump justifie par la n\u00e9cessit\u00e9 selon lui de r\u00e9\u00e9quilibrer les \u00e9changes.\n<\/p>\n<p>\n Plusieurs dizaines d&rsquo;entre eux doivent en effet voir les surtaxes appliqu\u00e9es \u00e0 leurs produits augmenter significativement jeudi \u00e0 00H01 locale (04H01 GMT) lors de leur entr\u00e9e sur le territoire am\u00e9ricain, avec une fourchette allant de 10% \u00e0 41%, la Syrie \u00e9tant le pays vis\u00e9 par le taux le plus \u00e9lev\u00e9.\n<\/p>\n<p>\n Pour l&rsquo;Inde, le taux appliqu\u00e9 sur ses produits entrant aux Etats-Unis sera dans un premier temps de 25%.\n<\/p>\n<p> &#8211; Brasilia relativise l&rsquo;impact &#8211;<\/p>\n<p>\n Les 25% suppl\u00e9mentaires pr\u00e9vus par le nouveau d\u00e9cret le porteraient au niveau du taux en vigueur depuis mercredi sur les produits br\u00e9siliens, soit 50%.\n<\/p>\n<p>\n Alors que le Br\u00e9sil ne devait initialement pas \u00eatre concern\u00e9 par des droits de douane au-del\u00e0 du plancher de 10% s&rsquo;appliquant d\u00e9sormais \u00e0 une large part des produits import\u00e9s aux Etats-Unis, Donald Trump a annonc\u00e9 son intention d&rsquo;imposer une surtaxe de 50%, soit la plus \u00e9lev\u00e9e appliqu\u00e9e \u00e0 un pays particulier.\n<\/p>\n<p>\n Le pr\u00e9sident am\u00e9ricain reproche \u00e0 la justice br\u00e9silienne de poursuivre l&rsquo;ex-pr\u00e9sident Jair Bolsonaro, accus\u00e9 d&rsquo;une tentative de coup d&rsquo;Etat apr\u00e8s sa d\u00e9faite lors de l&rsquo;\u00e9lection pr\u00e9sidentielle de 2022.\n<\/p>\n<p>\n Ces poursuites, qualifi\u00e9es par Donald Trump de \u00ab\u00a0chasse aux sorci\u00e8res\u00a0\u00bb, ont \u00e9galement entra\u00een\u00e9 des sanctions am\u00e9ricaines contre un des juges de la Cour supr\u00eame br\u00e9silienne, Alexandre de Moraes.\n<\/p>\n<p>\n Si les droits de douane ont suscit\u00e9 une vive r\u00e9action de la part de Brasilia, le pr\u00e9sident Luiz Inacio Lula da Silva d\u00e9non\u00e7ant une atteinte \u00e0 la \u00ab\u00a0souverainet\u00e9\u00a0\u00bb de son pays, la capitale br\u00e9silienne a relativis\u00e9 l&rsquo;impact de la surtaxe.\n<\/p>\n<p>\n Du fait des nombreuses exemptions pr\u00e9vues par le d\u00e9cret, seules 36% des exportations du pays vers les Etats-Unis sont r\u00e9ellement concern\u00e9es, selon le gouvernement br\u00e9silien.\n<\/p>\n<p>\n Celui-ci a n\u00e9anmoins annonc\u00e9 avoir saisi l&rsquo;Organisation mondiale du commerce (OMC) sur le sujet.\n<\/p>\n<p>\n Les Etats-Unis sont un partenaire important pour les entreprises br\u00e9siliennes, mais pas essentiel: certes, il s&rsquo;agit du deuxi\u00e8me march\u00e9 du Br\u00e9sil, avec 12% des exportations, mais cela reste tr\u00e8s en retrait de ce que repr\u00e9sente aujourd&rsquo;hui la Chine, o\u00f9 partent plus du quart des exportations br\u00e9siliennes.\n<\/p>\n<p>\n Certains secteurs importants, comme le caf\u00e9, sont cependant plus expos\u00e9s au march\u00e9 am\u00e9ricain et se voient appliquer la surtaxe de 50%.\n<\/p>\n<p>\n Au total, les nouvelles surtaxes douani\u00e8res devraient porter \u00e0 partir de jeudi le taux effectif moyen \u00e0 pr\u00e8s de 20% aux Etats-Unis, selon les analystes de Pantheon Macroeconomics. Ce qui constituerait le taux le plus \u00e9lev\u00e9 appliqu\u00e9 aux produits import\u00e9s depuis le d\u00e9but des ann\u00e9es 30, selon le Budget Lab de l&rsquo;Universit\u00e9 de Yale.<\/p>\n","protected":false},"excerpt":{"rendered":"Le pr\u00e9sident am\u00e9ricain Donald Trump lors d&rsquo;une conf\u00e9rence de presse \u00e0 la Maison Blanche le 5 ao\u00fbt 2025&hellip;\n","protected":false},"author":2,"featured_media":300948,"comment_status":"","ping_status":"","sticky":false,"template":"","format":"standard","meta":{"footnotes":""},"categories":[5],"tags":[400,11,398,408,405,1011,27,403,14,402,399,404,12,401,406,407,28],"class_list":{"0":"post-300947","1":"post","2":"type-post","3":"status-publish","4":"format-standard","5":"has-post-thumbnail","7":"category-international","8":"tag-action-cac-40","9":"tag-actualites","10":"tag-bourse-de-paris","11":"tag-boursorama","12":"tag-cotations","13":"tag-fr","14":"tag-france","15":"tag-indices-devises","16":"tag-international","17":"tag-investir","18":"tag-investissement","19":"tag-marche-boursier","20":"tag-news","21":"tag-sicav","22":"tag-trackers","23":"tag-warrants","24":"tag-world"},"share_on_mastodon":{"url":"https:\/\/pubeurope.com\/@fr\/114983161357505628","error":""},"_links":{"self":[{"href":"https:\/\/www.europesays.com\/fr\/wp-json\/wp\/v2\/posts\/300947","targetHints":{"allow":["GET"]}}],"collection":[{"href":"https:\/\/www.europesays.com\/fr\/wp-json\/wp\/v2\/posts"}],"about":[{"href":"https:\/\/www.europesays.com\/fr\/wp-json\/wp\/v2\/types\/post"}],"author":[{"embeddable":true,"href":"https:\/\/www.europesays.com\/fr\/wp-json\/wp\/v2\/users\/2"}],"replies":[{"embeddable":true,"href":"https:\/\/www.europesays.com\/fr\/wp-json\/wp\/v2\/comments?post=300947"}],"version-history":[{"count":0,"href":"https:\/\/www.europesays.com\/fr\/wp-json\/wp\/v2\/posts\/300947\/revisions"}],"wp:featuredmedia":[{"embeddable":true,"href":"https:\/\/www.europesays.com\/fr\/wp-json\/wp\/v2\/media\/300948"}],"wp:attachment":[{"href":"https:\/\/www.europesays.com\/fr\/wp-json\/wp\/v2\/media?parent=300947"}],"wp:term":[{"taxonomy":"category","embeddable":true,"href":"https:\/\/www.europesays.com\/fr\/wp-json\/wp\/v2\/categories?post=300947"},{"taxonomy":"post_tag","embeddable":true,"href":"https:\/\/www.europesays.com\/fr\/wp-json\/wp\/v2\/tags?post=300947"}],"curies":[{"name":"wp","href":"https:\/\/api.w.org\/{rel}","templated":true}]}}