{"id":300953,"date":"2025-08-06T18:11:12","date_gmt":"2025-08-06T18:11:12","guid":{"rendered":"https:\/\/www.europesays.com\/fr\/300953\/"},"modified":"2025-08-06T18:11:12","modified_gmt":"2025-08-06T18:11:12","slug":"villars-le-11-aout-1945-une-explosion-a-la-porchere-blessait-deux-mineurs","status":"publish","type":"post","link":"https:\/\/www.europesays.com\/fr\/300953\/","title":{"rendered":"Villars. Le 11\u00a0ao\u00fbt 1945, une explosion \u00e0 la Porch\u00e8re blessait deux mineurs"},"content":{"rendered":"<p>Ao\u00fbt\u00a01945\u00a0: la bombe atomique vient de frapper par deux fois \u00e0 Hiroshima puis Nagasaki, entra\u00eenant la capitulation du Japon. En mai, \u00e0 Villars, Fran\u00e7ois Binet est \u00e9lu maire, \u00e0 la t\u00eate d\u2019une liste r\u00e9publicaine antifasciste et de r\u00e9sistance, qui assure dans la continuit\u00e9 la succession du Comit\u00e9 de Lib\u00e9ration.<\/p>\n<p>Entre rationnement et march\u00e9 noir, la priorit\u00e9 de la municipalit\u00e9 est alors de subvenir aux besoins de la population&#8230;<\/p>\n","protected":false},"excerpt":{"rendered":"Ao\u00fbt\u00a01945\u00a0: la bombe atomique vient de frapper par deux fois \u00e0 Hiroshima puis Nagasaki, entra\u00eenant la capitulation du&hellip;\n","protected":false},"author":2,"featured_media":300954,"comment_status":"","ping_status":"","sticky":false,"template":"","format":"standard","meta":{"footnotes":""},"categories":[9653],"tags":[1111,11,2430,7539,1777,674,1011,27,937,12,25,4001,9664,104,10246],"class_list":{"0":"post-300953","1":"post","2":"type-post","3":"status-publish","4":"format-standard","5":"has-post-thumbnail","7":"category-saint-etienne","8":"tag-actu","9":"tag-actualites","10":"tag-auvergne-rhone-alpes","11":"tag-edition-loire-sud","12":"tag-eu","13":"tag-europe","14":"tag-fr","15":"tag-france","16":"tag-histoire","17":"tag-news","18":"tag-republique-francaise","19":"tag-saint-etienne","20":"tag-saint-etienne-bassin","21":"tag-societe","22":"tag-villars"},"share_on_mastodon":{"url":"https:\/\/pubeurope.com\/@fr\/114983173113711633","error":""},"_links":{"self":[{"href":"https:\/\/www.europesays.com\/fr\/wp-json\/wp\/v2\/posts\/300953","targetHints":{"allow":["GET"]}}],"collection":[{"href":"https:\/\/www.europesays.com\/fr\/wp-json\/wp\/v2\/posts"}],"about":[{"href":"https:\/\/www.europesays.com\/fr\/wp-json\/wp\/v2\/types\/post"}],"author":[{"embeddable":true,"href":"https:\/\/www.europesays.com\/fr\/wp-json\/wp\/v2\/users\/2"}],"replies":[{"embeddable":true,"href":"https:\/\/www.europesays.com\/fr\/wp-json\/wp\/v2\/comments?post=300953"}],"version-history":[{"count":0,"href":"https:\/\/www.europesays.com\/fr\/wp-json\/wp\/v2\/posts\/300953\/revisions"}],"wp:featuredmedia":[{"embeddable":true,"href":"https:\/\/www.europesays.com\/fr\/wp-json\/wp\/v2\/media\/300954"}],"wp:attachment":[{"href":"https:\/\/www.europesays.com\/fr\/wp-json\/wp\/v2\/media?parent=300953"}],"wp:term":[{"taxonomy":"category","embeddable":true,"href":"https:\/\/www.europesays.com\/fr\/wp-json\/wp\/v2\/categories?post=300953"},{"taxonomy":"post_tag","embeddable":true,"href":"https:\/\/www.europesays.com\/fr\/wp-json\/wp\/v2\/tags?post=300953"}],"curies":[{"name":"wp","href":"https:\/\/api.w.org\/{rel}","templated":true}]}}