{"id":300967,"date":"2025-08-06T18:20:11","date_gmt":"2025-08-06T18:20:11","guid":{"rendered":"https:\/\/www.europesays.com\/fr\/300967\/"},"modified":"2025-08-06T18:20:11","modified_gmt":"2025-08-06T18:20:11","slug":"football-le-fc-rouen-devoile-son-nouveau-maillot-pour-la-saison-2025-2026","status":"publish","type":"post","link":"https:\/\/www.europesays.com\/fr\/300967\/","title":{"rendered":"Football. Le FC Rouen d\u00e9voile son nouveau maillot pour la saison 2025\/2026"},"content":{"rendered":"<p>Le FC Rouen a d\u00e9voil\u00e9 ce mercredi son nouveau maillot pour la saison \u00e0 venir. Le club de National a mis\u00e9 sur un design \u00e9pur\u00e9\u00a0: un maillot rouge vif affichant des motifs plus sombres. Il sera vendu \u00e0 moins de 50\u20ac.<\/p>\n<p>\u00c0 deux jours de la reprise du championnat, le FC Rouen a d\u00e9voil\u00e9 ce mercredi 6 ao\u00fbt <strong>son nouveau maillot pour la saison 2025\/2026<\/strong>. Un \u00ab\u00a0design \u00e9pur\u00e9\u00a0\u00bb, selon les mots du club, avec ce maillot presque enti\u00e8rement rouge, agr\u00e9ment\u00e9 de scapulaires, des rayures en forme de V, plus sombres, et un col blanc. Le club a aussi d\u00e9voil\u00e9 <strong>son prix, 49\u20ac, un engagement pris par l&rsquo;ancien pr\u00e9sident Iwan Postel<\/strong> en mars dernier, juste avant son d\u00e9part.<\/p>\n<p>Le club aura tr\u00e8s vite l&rsquo;occasion de porter cette nouvelle tenue, puisque <strong>le championnat de National reprend d\u00e8s le vendredi 8 ao\u00fbt<\/strong> avec la r\u00e9ception du promu Fleury-M\u00e9rogis \u00e0 19h30 au stade Robert-Diochon. Les Rouennais sont invaincus sur leurs sept matchs de pr\u00e9paration cet \u00e9t\u00e9, bien que les adversaires affront\u00e9s soient pour la plupart d&rsquo;un moindre calibre. Les Rouge et Blanc ont notamment tenu le match nul (1 but partout) \u00e0 Laval et battu 4-1 les Francs Borains, \u00e9quipe de deuxi\u00e8me division belge.<\/p>\n<p>\u00c0 lire aussi   <img decoding=\"async\" src=\"https:\/\/www.europesays.com\/fr\/wp-content\/uploads\/2025\/08\/560x315_sc_sc_maillothac.jpg\" alt=\"Le d\u00e9fenseur japonais du HAC, Ayumu Seko, en s\u00e9ance de d\u00e9dicaces le 6 ao\u00fbt, portant le nouveau maillot domicile havrais pour la saison 2025-2026.\" style=\"--_image-preview:url('data:image\/jpeg;base64,\/9j\/2wBDACgcHiMeGSgjISMtKygwPGRBPDc3PHtYXUlkkYCZlo+AjIqgtObDoKrarYqMyP\/L2u71\/\/\/\/m8H\/\/\/\/6\/+b9\/\/j\/2wBDASstLTw1PHZBQXb4pYyl+Pj4+Pj4+Pj4+Pj4+Pj4+Pj4+Pj4+Pj4+Pj4+Pj4+Pj4+Pj4+Pj4+Pj4+Pj4+Pj4+Pj\/wAARCAAXACoDASIAAhEBAxEB\/8QAFgABAQEAAAAAAAAAAAAAAAAAAAEC\/8QAGBABAQEBAQAAAAAAAAAAAAAAAAERAhL\/xAAXAQEBAQEAAAAAAAAAAAAAAAAAAQID\/8QAFREBAQAAAAAAAAAAAAAAAAAAABL\/2gAMAwEAAhEDEQA\/AMel1mLjEhp6SxCRudLrEUkanK+QdBLyzYAEjWAiv\/\/Z');\" loading=\"lazy\" fetchpriority=\"low\" aria-hidden=\"true\" class=\"svelte-1pnmlwx rounded\" onload=\"this.__e=event\" onerror=\"this.__e=event\"\/><\/p>\n","protected":false},"excerpt":{"rendered":"Le FC Rouen a d\u00e9voil\u00e9 ce mercredi son nouveau maillot pour la saison \u00e0 venir. Le club de&hellip;\n","protected":false},"author":2,"featured_media":300968,"comment_status":"","ping_status":"","sticky":false,"template":"","format":"standard","meta":{"footnotes":""},"categories":[9587],"tags":[1111,11,1777,674,1011,27,12,5161,25,9590],"class_list":{"0":"post-300967","1":"post","2":"type-post","3":"status-publish","4":"format-standard","5":"has-post-thumbnail","7":"category-rouen","8":"tag-actu","9":"tag-actualites","10":"tag-eu","11":"tag-europe","12":"tag-fr","13":"tag-france","14":"tag-news","15":"tag-normandie","16":"tag-republique-francaise","17":"tag-rouen"},"share_on_mastodon":{"url":"https:\/\/pubeurope.com\/@fr\/114983208504296768","error":""},"_links":{"self":[{"href":"https:\/\/www.europesays.com\/fr\/wp-json\/wp\/v2\/posts\/300967","targetHints":{"allow":["GET"]}}],"collection":[{"href":"https:\/\/www.europesays.com\/fr\/wp-json\/wp\/v2\/posts"}],"about":[{"href":"https:\/\/www.europesays.com\/fr\/wp-json\/wp\/v2\/types\/post"}],"author":[{"embeddable":true,"href":"https:\/\/www.europesays.com\/fr\/wp-json\/wp\/v2\/users\/2"}],"replies":[{"embeddable":true,"href":"https:\/\/www.europesays.com\/fr\/wp-json\/wp\/v2\/comments?post=300967"}],"version-history":[{"count":0,"href":"https:\/\/www.europesays.com\/fr\/wp-json\/wp\/v2\/posts\/300967\/revisions"}],"wp:featuredmedia":[{"embeddable":true,"href":"https:\/\/www.europesays.com\/fr\/wp-json\/wp\/v2\/media\/300968"}],"wp:attachment":[{"href":"https:\/\/www.europesays.com\/fr\/wp-json\/wp\/v2\/media?parent=300967"}],"wp:term":[{"taxonomy":"category","embeddable":true,"href":"https:\/\/www.europesays.com\/fr\/wp-json\/wp\/v2\/categories?post=300967"},{"taxonomy":"post_tag","embeddable":true,"href":"https:\/\/www.europesays.com\/fr\/wp-json\/wp\/v2\/tags?post=300967"}],"curies":[{"name":"wp","href":"https:\/\/api.w.org\/{rel}","templated":true}]}}