{"id":300973,"date":"2025-08-06T18:23:19","date_gmt":"2025-08-06T18:23:19","guid":{"rendered":"https:\/\/www.europesays.com\/fr\/300973\/"},"modified":"2025-08-06T18:23:19","modified_gmt":"2025-08-06T18:23:19","slug":"des-agents-autorises-a-penetrer-en-terrain-prive-pour-des-etudes-sur-leau","status":"publish","type":"post","link":"https:\/\/www.europesays.com\/fr\/300973\/","title":{"rendered":"des agents autoris\u00e9s \u00e0 p\u00e9n\u00e9trer en terrain priv\u00e9 pour des \u00e9tudes sur l&rsquo;eau"},"content":{"rendered":"<p>            Par<br \/>\n        <strong><br \/>\n            <a href=\"https:\/\/actu.fr\/auteur\/lucile-trihancoignard-actu-fr\" title=\"Consulter tous les articles de Lucile Trihan Coignard\" target=\"_blank\" rel=\"noopener\">Lucile Trihan Coignard<\/a><br \/>\n        <\/strong><\/p>\n<p>        Publi\u00e9 le<\/p>\n<p>            6 ao\u00fbt 2025 \u00e0 12h12        <\/p>\n<p data-end=\"892\">Dans le cadre de la <b>s\u00e9curisation et de l\u2019am\u00e9lioration<\/b> de la gestion de l\u2019eau potable, un arr\u00eat\u00e9 pr\u00e9fectoral, sign\u00e9 le 24\u00a0juillet 2025, autorise les agents du syndicat mixte SMG Eau 35 (Syndicat mixte de gestion pour l\u2019approvisionnement en eau potable d\u2019Ille-et-Vilaine) \u00e0 intervenir directement <b>sur des terrains priv\u00e9s<\/b>, pour y r\u00e9aliser toutes les \u00e9tudes n\u00e9cessaires.<\/p>\n<p data-end=\"892\" class=\" wall-content\"><b>Pr\u00e8s de 100\u00a0communes <\/b>d\u2019Ille-et-Vilaine sont concern\u00e9es dont <b>Vitr\u00e9<\/b> et <b>une quinzaine de<\/b> <b>communes autour de Vitr\u00e9<\/b> (Ille-et-Vilaine).<\/p>\n<p>Pr\u00e8s de 100\u00a0communes concern\u00e9es en Ille-et-Vilaine<\/p>\n<p data-end=\"1177\" class=\" wall-content\">Ces op\u00e9rations se d\u00e9rouleront dans une <b>large liste<\/b> de communes du d\u00e9partement, dont Balaz\u00e9, Br\u00e9al-sous-Vitr\u00e9, Champeaux, Ch\u00e2teaubourg, Ch\u00e2tillon-en-Vendelais, Erbr\u00e9e, \u00c9trelles, Le Pertre, Livr\u00e9-sur-Changeon, Mondevert, Montreuil-sous-P\u00e9rouse, Poc\u00e9-les-Bois, Princ\u00e9, Retiers, Saint-Didier, Vitr\u00e9, ou encore Val-d\u2019Iz\u00e9.<\/p>\n<p data-end=\"1371\" class=\" wall-content\">Une carte publi\u00e9e par la pr\u00e9fecture pr\u00e9cise les zones de captage vis\u00e9es, r\u00e9parties sur l\u2019ensemble du territoire.<\/p>\n<p data-end=\"1728\" class=\" wall-content\">Les agents mandat\u00e9s auront pour mission de r\u00e9aliser toutes les op\u00e9rations n\u00e9cessaires \u00e0 la <b>protection des p\u00e9rim\u00e8tres de captage<\/b>, dans le but d\u2019assurer la qualit\u00e9 de l\u2019eau distribu\u00e9e. Ces op\u00e9rations pourront inclure des<b> relev\u00e9s topographiques<\/b>, des tests, ou encore des \u00e9valuations environnementales.<\/p>\n<p>Vid\u00e9os : en ce moment sur ActuAcc\u00e8s autoris\u00e9 sous conditions<\/p>\n<p data-end=\"1918\" class=\" wall-content\">L\u2019arr\u00eat\u00e9 pr\u00e9cise que ces agents peuvent <b>p\u00e9n\u00e9trer dans les propri\u00e9t\u00e9s priv\u00e9es<\/b> m\u00eame en l\u2019absence du propri\u00e9taire, apr\u00e8s un d\u00e9lai l\u00e9gal de pr\u00e9venance de\u00a010\u00a0jours apr\u00e8s affichage en mairie et\u00a0<b>5\u00a0jours apr\u00e8s notification<\/b> au propri\u00e9taire.<\/p>\n<p data-end=\"2077\" class=\" wall-content\">En cas de difficult\u00e9, un <b>juge d\u2019instance<\/b> pourra autoriser l\u2019acc\u00e8s.\u00a0Les agents doivent \u00eatre porteurs d\u2019une<b> copie de l\u2019arr\u00eat\u00e9 pr\u00e9fectoral<\/b>.<\/p>\n<p data-end=\"2077\" class=\" wall-content\">Aucun d\u00e9g\u00e2t (arbre, cl\u00f4ture, fouille, etc.) ne pourra \u00eatre caus\u00e9 sans accord amiable avec le propri\u00e9taire. \u00c0 d\u00e9faut, une \u00e9valuation contradictoire sera men\u00e9e.<\/p>\n<p data-end=\"2573\" class=\" wall-content\">Les interventions pourront s\u2019\u00e9taler sur les <b>cinq prochaines ann\u00e9es<\/b>. Si elles ne sont pas entam\u00e9es dans les six mois, l\u2019arr\u00eat\u00e9 deviendra caduc. Les communes devront afficher l\u2019arr\u00eat\u00e9 en mairie et appuyer les agents dans leur mission.<\/p>\n<p class=\" wall-content\">Suivez toute l\u2019actualit\u00e9 de vos villes et m\u00e9dias favoris en vous inscrivant \u00e0 <a href=\"https:\/\/moncompte.actu.fr\" title=\"D\u00e9couvez Mon Actu\" rel=\"nofollow noopener\" data-trk=\"{&quot;cta&quot;:{&quot;action&quot;:&quot;https:\\\/\\\/moncompte.actu.fr&quot;,&quot;category&quot;:&quot;mon compte&quot;,&quot;from&quot;:&quot;article footer&quot;,&quot;name&quot;:&quot;Mon actu&quot;,&quot;type&quot;:&quot;cta&quot;}}\" target=\"_blank\">Mon Actu<\/a>.<\/p>\n","protected":false},"excerpt":{"rendered":"Par Lucile Trihan Coignard Publi\u00e9 le 6 ao\u00fbt 2025 \u00e0 12h12 Dans le cadre de la s\u00e9curisation et&hellip;\n","protected":false},"author":2,"featured_media":300974,"comment_status":"","ping_status":"","sticky":false,"template":"","format":"standard","meta":{"footnotes":""},"categories":[2821],"tags":[1111,11,829,9746,1777,674,1011,27,12,584,25,104],"class_list":{"0":"post-300973","1":"post","2":"type-post","3":"status-publish","4":"format-standard","5":"has-post-thumbnail","7":"category-rennes","8":"tag-actu","9":"tag-actualites","10":"tag-bretagne","11":"tag-eau-potable","12":"tag-eu","13":"tag-europe","14":"tag-fr","15":"tag-france","16":"tag-news","17":"tag-rennes","18":"tag-republique-francaise","19":"tag-societe"},"share_on_mastodon":{"url":"https:\/\/pubeurope.com\/@fr\/114983220185269771","error":""},"_links":{"self":[{"href":"https:\/\/www.europesays.com\/fr\/wp-json\/wp\/v2\/posts\/300973","targetHints":{"allow":["GET"]}}],"collection":[{"href":"https:\/\/www.europesays.com\/fr\/wp-json\/wp\/v2\/posts"}],"about":[{"href":"https:\/\/www.europesays.com\/fr\/wp-json\/wp\/v2\/types\/post"}],"author":[{"embeddable":true,"href":"https:\/\/www.europesays.com\/fr\/wp-json\/wp\/v2\/users\/2"}],"replies":[{"embeddable":true,"href":"https:\/\/www.europesays.com\/fr\/wp-json\/wp\/v2\/comments?post=300973"}],"version-history":[{"count":0,"href":"https:\/\/www.europesays.com\/fr\/wp-json\/wp\/v2\/posts\/300973\/revisions"}],"wp:featuredmedia":[{"embeddable":true,"href":"https:\/\/www.europesays.com\/fr\/wp-json\/wp\/v2\/media\/300974"}],"wp:attachment":[{"href":"https:\/\/www.europesays.com\/fr\/wp-json\/wp\/v2\/media?parent=300973"}],"wp:term":[{"taxonomy":"category","embeddable":true,"href":"https:\/\/www.europesays.com\/fr\/wp-json\/wp\/v2\/categories?post=300973"},{"taxonomy":"post_tag","embeddable":true,"href":"https:\/\/www.europesays.com\/fr\/wp-json\/wp\/v2\/tags?post=300973"}],"curies":[{"name":"wp","href":"https:\/\/api.w.org\/{rel}","templated":true}]}}