{"id":300975,"date":"2025-08-06T18:25:09","date_gmt":"2025-08-06T18:25:09","guid":{"rendered":"https:\/\/www.europesays.com\/fr\/300975\/"},"modified":"2025-08-06T18:25:09","modified_gmt":"2025-08-06T18:25:09","slug":"lappareil-de-cremation-prend-feu-pres-de-rennes-le-crematorium-est-evacue","status":"publish","type":"post","link":"https:\/\/www.europesays.com\/fr\/300975\/","title":{"rendered":"L&rsquo;appareil de cr\u00e9mation prend feu pr\u00e8s de Rennes, le cr\u00e9matorium est \u00e9vacu\u00e9"},"content":{"rendered":"<p>A Vern-sur-Seiche (Ille-et-Vilaine), pr\u00e8s de Rennes, un d\u00e9part de feu a eu lieu lundi 4 ao\u00fbt 2025 au sein du cr\u00e9matorium. Les pompiers sont intervenus \u00e0 temps pour le maitriser. <\/p>\n<p>Aux environs de 15h, lundi 4 ao\u00fbt 2025, un incendie s&rsquo;est d\u00e9clar\u00e9 au niveau de l&rsquo;appareil de cr\u00e9mation du cr\u00e9matorium de Vern-sur-Seiche, pr\u00e8s de Rennes. <strong>Les pompiers ont pu intervenir rapidement<\/strong> pour maitriser le sinistre apr\u00e8s avoir \u00e9vacu\u00e9 le b\u00e2timent. Il n&rsquo;y a pas eu de bless\u00e9. Le groupe Funecap, gestionnaire du site qui confirme une information du site\u00a0<a target=\"_blank\" rel=\"nofollow noopener noreferrer\" class=\"IciLink ici-link IciArticleLink g-ici-body-regular-1 underline brand svelte-lu7k6w\" href=\"https:\/\/actu.fr\/bretagne\/vern-sur-seiche_35352\/pres-de-rennes-le-four-crematoire-prend-feu-au-crematorium-les-pompiers-interviennent_62998248.html\">actuRennes<\/a>, assure qu&rsquo;il n&rsquo;y avait pas de c\u00e9r\u00e9monie en cours.<\/p>\n<p>Pas d&rsquo;arr\u00eat d&rsquo;activit\u00e9<\/p>\n<p>Dans un communiqu\u00e9, l&rsquo;une des responsables\u00a0pr\u00e9cise que l&rsquo;activit\u00e9 se poursuit et que les c\u00e9r\u00e9monies pr\u00e9vues sont maintenues \u00ab\u00a0gr\u00e2ce au second appareil parfaitement fonctionnel\u00a0\u00bb.\u00a0 Un \u00ab\u00a0diagnostic\u00a0\u00bb est pr\u00e9vu pour connaitre les causes de cet incident.<\/p>\n","protected":false},"excerpt":{"rendered":"A Vern-sur-Seiche (Ille-et-Vilaine), pr\u00e8s de Rennes, un d\u00e9part de feu a eu lieu lundi 4 ao\u00fbt 2025 au&hellip;\n","protected":false},"author":2,"featured_media":300976,"comment_status":"","ping_status":"","sticky":false,"template":"","format":"standard","meta":{"footnotes":""},"categories":[2821],"tags":[1111,11,829,1777,674,1011,27,12,584,25],"class_list":{"0":"post-300975","1":"post","2":"type-post","3":"status-publish","4":"format-standard","5":"has-post-thumbnail","7":"category-rennes","8":"tag-actu","9":"tag-actualites","10":"tag-bretagne","11":"tag-eu","12":"tag-europe","13":"tag-fr","14":"tag-france","15":"tag-news","16":"tag-rennes","17":"tag-republique-francaise"},"share_on_mastodon":{"url":"https:\/\/pubeurope.com\/@fr\/114983228201986306","error":""},"_links":{"self":[{"href":"https:\/\/www.europesays.com\/fr\/wp-json\/wp\/v2\/posts\/300975","targetHints":{"allow":["GET"]}}],"collection":[{"href":"https:\/\/www.europesays.com\/fr\/wp-json\/wp\/v2\/posts"}],"about":[{"href":"https:\/\/www.europesays.com\/fr\/wp-json\/wp\/v2\/types\/post"}],"author":[{"embeddable":true,"href":"https:\/\/www.europesays.com\/fr\/wp-json\/wp\/v2\/users\/2"}],"replies":[{"embeddable":true,"href":"https:\/\/www.europesays.com\/fr\/wp-json\/wp\/v2\/comments?post=300975"}],"version-history":[{"count":0,"href":"https:\/\/www.europesays.com\/fr\/wp-json\/wp\/v2\/posts\/300975\/revisions"}],"wp:featuredmedia":[{"embeddable":true,"href":"https:\/\/www.europesays.com\/fr\/wp-json\/wp\/v2\/media\/300976"}],"wp:attachment":[{"href":"https:\/\/www.europesays.com\/fr\/wp-json\/wp\/v2\/media?parent=300975"}],"wp:term":[{"taxonomy":"category","embeddable":true,"href":"https:\/\/www.europesays.com\/fr\/wp-json\/wp\/v2\/categories?post=300975"},{"taxonomy":"post_tag","embeddable":true,"href":"https:\/\/www.europesays.com\/fr\/wp-json\/wp\/v2\/tags?post=300975"}],"curies":[{"name":"wp","href":"https:\/\/api.w.org\/{rel}","templated":true}]}}