{"id":300977,"date":"2025-08-06T18:26:17","date_gmt":"2025-08-06T18:26:17","guid":{"rendered":"https:\/\/www.europesays.com\/fr\/300977\/"},"modified":"2025-08-06T18:26:17","modified_gmt":"2025-08-06T18:26:17","slug":"allemagne-la-ville-de-kehl-indique-que-la-reservation-pour-la-piscine-dauenheim-se-fait-uniquement-en-ligne","status":"publish","type":"post","link":"https:\/\/www.europesays.com\/fr\/300977\/","title":{"rendered":"Allemagne. La Ville de Kehl indique que la r\u00e9servation pour la piscine d&rsquo;Auenheim se fait uniquement en ligne"},"content":{"rendered":"<p>Le retour des beaux jours est inscrit <a href=\"https:\/\/www.dna.fr\/magazine-automobile\/2025\/08\/06\/comment-les-francais-se-preparent-a-la-chaleur-sur-les-routes\" target=\"_blank\" rel=\"noopener\">en mode plein soleil dans les pr\u00e9visions m\u00e9t\u00e9o<\/a> \u00e0 partir de ce jeudi 6\u00a0ao\u00fbt. La Ville de Kehl tient donc \u00e0 rappeler aux usagers de la piscine de plein air d\u2019Auenheim que, depuis le 26\u00a0juillet et jusqu\u2019\u00e0 la fin de la saison de baignade, l\u2019achat des tickets en amont est obligatoire. Cet achat se fait via <a href=\"https:\/\/freibadauenheim.axess.shop\/de\/home\" target=\"_blank\" rel=\"noopener\">la boutique en ligne de l\u2019\u00e9tablissement<\/a>.<\/p>\n<p>La jauge maximale de l\u2019\u00e9tablissement est \u00e0 1\u00a0800 visiteurs, la boutique en ligne servant \u00e0 anticiper les pics de fr\u00e9quentation. Les visiteurs doivent avoir leur carte d\u2019identit\u00e9 sur eux en cas de contr\u00f4le.<\/p>\n","protected":false},"excerpt":{"rendered":"Le retour des beaux jours est inscrit en mode plein soleil dans les pr\u00e9visions m\u00e9t\u00e9o \u00e0 partir de&hellip;\n","protected":false},"author":2,"featured_media":300978,"comment_status":"","ping_status":"","sticky":false,"template":"","format":"standard","meta":{"footnotes":""},"categories":[2820],"tags":[1111,11,672,44100,1984,1687,2880,1777,674,107,1011,27,775,14871,5216,12,316,25,1806,640,3265],"class_list":{"0":"post-300977","1":"post","2":"type-post","3":"status-publish","4":"format-standard","5":"has-post-thumbnail","7":"category-strasbourg","8":"tag-actu","9":"tag-actualites","10":"tag-allemagne","11":"tag-auenheim","12":"tag-conseil-municipal","13":"tag-culture-loisirs","14":"tag-edition-strasbourg","15":"tag-eu","16":"tag-europe","17":"tag-fil-info","18":"tag-fr","19":"tag-france","20":"tag-grand-est","21":"tag-kehl","22":"tag-natation","23":"tag-news","24":"tag-politique","25":"tag-republique-francaise","26":"tag-rheinblick","27":"tag-strasbourg","28":"tag-strasbourg-nord"},"share_on_mastodon":{"url":"https:\/\/pubeurope.com\/@fr\/114983232084995217","error":""},"_links":{"self":[{"href":"https:\/\/www.europesays.com\/fr\/wp-json\/wp\/v2\/posts\/300977","targetHints":{"allow":["GET"]}}],"collection":[{"href":"https:\/\/www.europesays.com\/fr\/wp-json\/wp\/v2\/posts"}],"about":[{"href":"https:\/\/www.europesays.com\/fr\/wp-json\/wp\/v2\/types\/post"}],"author":[{"embeddable":true,"href":"https:\/\/www.europesays.com\/fr\/wp-json\/wp\/v2\/users\/2"}],"replies":[{"embeddable":true,"href":"https:\/\/www.europesays.com\/fr\/wp-json\/wp\/v2\/comments?post=300977"}],"version-history":[{"count":0,"href":"https:\/\/www.europesays.com\/fr\/wp-json\/wp\/v2\/posts\/300977\/revisions"}],"wp:featuredmedia":[{"embeddable":true,"href":"https:\/\/www.europesays.com\/fr\/wp-json\/wp\/v2\/media\/300978"}],"wp:attachment":[{"href":"https:\/\/www.europesays.com\/fr\/wp-json\/wp\/v2\/media?parent=300977"}],"wp:term":[{"taxonomy":"category","embeddable":true,"href":"https:\/\/www.europesays.com\/fr\/wp-json\/wp\/v2\/categories?post=300977"},{"taxonomy":"post_tag","embeddable":true,"href":"https:\/\/www.europesays.com\/fr\/wp-json\/wp\/v2\/tags?post=300977"}],"curies":[{"name":"wp","href":"https:\/\/api.w.org\/{rel}","templated":true}]}}