{"id":300979,"date":"2025-08-06T18:27:11","date_gmt":"2025-08-06T18:27:11","guid":{"rendered":"https:\/\/www.europesays.com\/fr\/300979\/"},"modified":"2025-08-06T18:27:11","modified_gmt":"2025-08-06T18:27:11","slug":"en-direct-ligue-1-le-racing-simpose-a-graz-en-preparation-2-3-revivez-le-direct","status":"publish","type":"post","link":"https:\/\/www.europesays.com\/fr\/300979\/","title":{"rendered":"En direct Ligue 1. Le Racing s&rsquo;impose \u00e0 Graz en pr\u00e9paration (2-3) : revivez le direct"},"content":{"rendered":"<p>&#13;<br \/>\n                                                    En direct&#13;<br \/>\n                        &#13;\n                                            <\/p>\n<p>Alors que l&rsquo;autre \u00e9quipe du Racing a sombr\u00e9 dans la derni\u00e8re demi-heure \u00e0 Stuttgart (1-7), plus t\u00f4t dans l&rsquo;apr\u00e8s-midi, le \u00ab\u00a0deuxi\u00e8me\u00a0\u00bb Racing\u00a0a pris les devants sur la pelouse du\u00a0Sturm Graz gr\u00e2ce \u00e0 une t\u00eate de Junior Mwanga (27e) et une magnifique frappe de Samuel Amo-Ameyaw (41e). Au retour des vestiaires, suite \u00e0 une faute de F\u00e9lix Lemarechal dans la surface, Leon Grgic a r\u00e9duit le score sur penalty (56e). L&rsquo;\u00e9galisation autrichienne a \u00e9t\u00e9 l&rsquo;\u0153uvre de H\u00f6dl, d&rsquo;une frappe \u00e0 l&rsquo;entr\u00e9e de la surface qui n&rsquo;a laiss\u00e9 aucune chance \u00e0 Bajic (76e). Finalement, Milos Lukovic a remis le Racing devant d&rsquo;un but tout en subtilit\u00e9 dans la surface autrichienne (89e).<\/p>\n<p>&#13;<br \/>\n              \u00c0 Graz, Julien-Thomas Will &#8211; &#13;<br \/>\n        &#13;<br \/>\n          Aujourd&rsquo;hui \u00e0 17:15&#13;<br \/>\n    &#13;<br \/>\n                  | mis \u00e0 jour aujourd&rsquo;hui \u00e0 20:24&#13;<br \/>\n              &#8211; Temps de lecture : &#13;<br \/>\n  &#13;<\/p>\n","protected":false},"excerpt":{"rendered":"&#13; En direct&#13; &#13; Alors que l&rsquo;autre \u00e9quipe du Racing a sombr\u00e9 dans la derni\u00e8re demi-heure \u00e0 Stuttgart&hellip;\n","protected":false},"author":2,"featured_media":300980,"comment_status":"","ping_status":"","sticky":false,"template":"","format":"standard","meta":{"footnotes":""},"categories":[2820],"tags":[1111,11,2649,3545,2880,1777,674,107,63,1011,27,329,775,3544,12,25,517,640],"class_list":{"0":"post-300979","1":"post","2":"type-post","3":"status-publish","4":"format-standard","5":"has-post-thumbnail","7":"category-strasbourg","8":"tag-actu","9":"tag-actualites","10":"tag-bas-rhin","11":"tag-direct-sport","12":"tag-edition-strasbourg","13":"tag-eu","14":"tag-europe","15":"tag-fil-info","16":"tag-football","17":"tag-fr","18":"tag-france","19":"tag-france-monde","20":"tag-grand-est","21":"tag-matchs-en-direct","22":"tag-news","23":"tag-republique-francaise","24":"tag-sport","25":"tag-strasbourg"},"share_on_mastodon":{"url":"https:\/\/pubeurope.com\/@fr\/114983236016832493","error":""},"_links":{"self":[{"href":"https:\/\/www.europesays.com\/fr\/wp-json\/wp\/v2\/posts\/300979","targetHints":{"allow":["GET"]}}],"collection":[{"href":"https:\/\/www.europesays.com\/fr\/wp-json\/wp\/v2\/posts"}],"about":[{"href":"https:\/\/www.europesays.com\/fr\/wp-json\/wp\/v2\/types\/post"}],"author":[{"embeddable":true,"href":"https:\/\/www.europesays.com\/fr\/wp-json\/wp\/v2\/users\/2"}],"replies":[{"embeddable":true,"href":"https:\/\/www.europesays.com\/fr\/wp-json\/wp\/v2\/comments?post=300979"}],"version-history":[{"count":0,"href":"https:\/\/www.europesays.com\/fr\/wp-json\/wp\/v2\/posts\/300979\/revisions"}],"wp:featuredmedia":[{"embeddable":true,"href":"https:\/\/www.europesays.com\/fr\/wp-json\/wp\/v2\/media\/300980"}],"wp:attachment":[{"href":"https:\/\/www.europesays.com\/fr\/wp-json\/wp\/v2\/media?parent=300979"}],"wp:term":[{"taxonomy":"category","embeddable":true,"href":"https:\/\/www.europesays.com\/fr\/wp-json\/wp\/v2\/categories?post=300979"},{"taxonomy":"post_tag","embeddable":true,"href":"https:\/\/www.europesays.com\/fr\/wp-json\/wp\/v2\/tags?post=300979"}],"curies":[{"name":"wp","href":"https:\/\/api.w.org\/{rel}","templated":true}]}}