{"id":300981,"date":"2025-08-06T18:28:11","date_gmt":"2025-08-06T18:28:11","guid":{"rendered":"https:\/\/www.europesays.com\/fr\/300981\/"},"modified":"2025-08-06T18:28:11","modified_gmt":"2025-08-06T18:28:11","slug":"denoncer-laeroport-suscite-des-moqueries-ce-couple-dantibois-nen-peut-plus-des-survols-davions","status":"publish","type":"post","link":"https:\/\/www.europesays.com\/fr\/300981\/","title":{"rendered":"\u00ab\u00a0D\u00e9noncer l\u2019a\u00e9roport suscite des moqueries\u00a0\u00bb: ce couple d\u2019Antibois n\u2019en peut plus des survols d\u2019avions"},"content":{"rendered":"<p>Le couple redoute d\u00e9j\u00e0 le retour de vacances. \u00ab\u00a0On entend les avions vrombir en quasi continu, de la salle \u00e0 manger jusqu\u2019\u00e0 la chambre, m\u00eame fen\u00eatres \u00e0 double vitrage ferm\u00e9es\u00a0\u00bb, t\u00e9moignent Danielle et Philippe F.<\/p>\n<p>Leur appartement, situ\u00e9 chemin des Autrichiens, \u00e0 Antibes, est r\u00e9guli\u00e8rement survol\u00e9 par des appareils en approche de l\u2019a\u00e9roport de Nice-C\u00f4te d\u2019Azur.<\/p>\n<p>Depuis leur emm\u00e9nagement, il y a six mois, le couple dit consulter quotidiennement, en ligne, les observations et pr\u00e9visions m\u00e9t\u00e9orologiques Metar (Meteorological a\u00e9rodrome report).<\/p>\n<p>\u00ab\u00a0M\u00eame lorsque les conditions sont favorables, les pilotes passent quand m\u00eame. Pour eux, il y a toujours un petit nuage qui tra\u00eene pour justifier un passage par les terres\u00a0\u00bb, grincent-ils, citant, en exemple, le lundi 14 juillet: \u00ab\u00a0Ce jour-l\u00e0, il y a eu \u00e9norm\u00e9ment de passages. Logique. En suivant leur trajectoire sur internet, je les voyais tourner sur place en attendant de pouvoir atterrir.\u00a0\u00bb<\/p>\n<p>\u00ab\u00a0Ces vols r\u00e9currents me g\u00e2chent la vie\u00a0\u00bb<\/p>\n<p>Le bruit irritant des moteurs \u00ab\u00a0d\u00e9range\u00a0\u00bb Philippe et \u00ab\u00a0rend folle\u00a0\u00bb son \u00e9pouse. \u00ab\u00a0Nerveusement, c\u2019est tr\u00e8s dur. Ces vols r\u00e9currents me g\u00e2chent litt\u00e9ralement la vie\u00a0\u00bb, confie-t-elle. Adh\u00e9rent au Comit\u00e9 de lutte contre le survol d\u2019Antibes Juan-les-Pins (Clusa), le couple a \u00e9galement sign\u00e9 la p\u00e9tition, pour \u00ab\u00a0faire cesser les survols intempestifs\u00a0\u00bb, lanc\u00e9e fin juillet, qui a recueilli, \u00e0 ce jour, plus de 1.000 signatures.<\/p>\n<p>Rien que le mois dernier, Philippe affirme avoir d\u00e9pos\u00e9 plainte \u00e0 trois reprises aupr\u00e8s du m\u00e9diateur de l\u2019a\u00e9roport: les 14, 15 et 20 juillet. \u00ab\u00a0D\u00e8s qu\u2019il fait beau et qu\u2019un avion nous survole, je porte plainte\u00a0\u00bb, explique-t-il, suivant scrupuleusement le protocole exig\u00e9.<\/p>\n<p>D\u2019apr\u00e8s le Clusa, plus de 210 plaintes auraient \u00e9t\u00e9 enregistr\u00e9es par l\u2019a\u00e9roport depuis le d\u00e9but de l\u2019ann\u00e9e \u2013 contre 124 pour toute l\u2019ann\u00e9e 2024.<\/p>\n<p>Un combat que les deux riverains affirment mener sous le regard r\u00e9probateur de nombreuses personnes. \u00ab\u00a0D\u00e9noncer l\u2019a\u00e9roport suscite des moqueries\u00a0\u00bb, affirme Danielle, qui a le sentiment de parler d\u2019un sujet \u00a0\u00bb honteux\u00a0\u00bb.<\/p>\n<p>Sur les r\u00e9seaux sociaux, leurs d\u00e9nonciations seraient r\u00e9guli\u00e8rement effac\u00e9es, et leur copropri\u00e9t\u00e9 minimiserait le ph\u00e9nom\u00e8ne. \u00ab\u00a0Ils disent que les survols ne sont pas si fr\u00e9quents que \u00e7a.\u00a0\u00bb<\/p>\n<p>\u00ab\u00a0On a le sentiment de s\u2019\u00eatre fait avoir\u00a0\u00bb<\/p>\n<p>M\u00eame leur petite campagne d\u2019adh\u00e9sion au Clusa, avec des flyers accroch\u00e9s dans les parties communes, s\u2019est sold\u00e9e par un \u00e9chec: \u00ab\u00a0Nous n\u2019avons eu que quatre ou cinq retours. Les gens ne veulent pas en entendre parler, ils sont d\u00e9sabus\u00e9s.\u00a0\u00bb <\/p>\n<p>De quoi \u00e9branler les deux riverains, qui affirment ne pas avoir \u00e9t\u00e9 inform\u00e9s de ces nuisances lors de l\u2019achat immobilier: \u00ab\u00a0Le lieu est tr\u00e8s beau, mais on a le sentiment de s\u2019\u00eatre fait avoir.\u00a0\u00bb La tentation de vendre l\u2019appartement se fait d\u00e9j\u00e0 sentir, mais Philippe pr\u00e9f\u00e8re croire \u00e0 une am\u00e9lioration de la situation: \u00ab\u00a0La lutte continue, on ne l\u00e2chera rien.\u00a0\u00bb<\/p>\n<p>\u00ab\u00a0La mairie d\u2019Antibes est du c\u00f4t\u00e9 des riverains\u00a0\u00bb<\/p>\n<p>Le 4 juillet, un \u00ab\u00a0point sur les survols\u00a0\u00bb a r\u00e9uni le Clusa, le maire d\u2019Antibes, Jean Leonetti, et son adjoint \u00e0 la sant\u00e9, \u00c9ric Duplay.<\/p>\n<p>\u00ab\u00a0La mairie est du c\u00f4t\u00e9 des riverains\u00a0\u00bb, a r\u00e9agi ce dernier, avant de nuancer: \u00ab\u00a0Mais si l\u2019a\u00e9roport de Nice interdisait les avions non \u00e9quip\u00e9s du guidage satellitaire RNP-AR \u2013 permettant d\u2019\u00e9viter les survols \u2013, 80% du trafic dispara\u00eetrait. Ce n\u2019est, bien s\u00fbr, pas envisageable.\u00a0\u00bb<\/p>\n<p>De r\u00e9elles contraintes<\/p>\n<p>Un cul-de-sac pour la Ville? L\u2019\u00e9dile poursuit son r\u00f4le d\u2019interm\u00e9diaire avec l\u2019a\u00e9roport, qui \u00e9voque ses contraintes, notamment m\u00e9t\u00e9o: \u00ab\u00a0Parfois, la proc\u00e9dure d\u2019\u00e9vitement d\u2019Antibes est impossible, \u00e0 cause d\u2019un plafond de nuages trop bas, m\u00eame par temps jug\u00e9 cl\u00e9ment depuis le sol.\u00a0\u00bb<\/p>\n<p>La fr\u00e9quence des survols est aussi contest\u00e9e: \u00ab\u00a0Elle varie entre 8 et 25%, selon la saison. Il n\u2019est pas juste de dire qu\u2019il y a un avion toutes les 3 minutes.\u00a0\u00bb<\/p>\n","protected":false},"excerpt":{"rendered":"Le couple redoute d\u00e9j\u00e0 le retour de vacances. \u00ab\u00a0On entend les avions vrombir en quasi continu, de la&hellip;\n","protected":false},"author":2,"featured_media":300982,"comment_status":"","ping_status":"","sticky":false,"template":"","format":"standard","meta":{"footnotes":""},"categories":[2819],"tags":[1111,11,1777,674,1011,27,12,2401,882,25,240,800,3366],"class_list":{"0":"post-300981","1":"post","2":"type-post","3":"status-publish","4":"format-standard","5":"has-post-thumbnail","7":"category-nice","8":"tag-actu","9":"tag-actualites","10":"tag-eu","11":"tag-europe","12":"tag-fr","13":"tag-france","14":"tag-news","15":"tag-nice","16":"tag-provence-alpes-cote-dazur","17":"tag-republique-francaise","18":"tag-temoignage","19":"tag-transports","20":"tag-vie-locale"},"share_on_mastodon":{"url":"https:\/\/pubeurope.com\/@fr\/114983239992543549","error":""},"_links":{"self":[{"href":"https:\/\/www.europesays.com\/fr\/wp-json\/wp\/v2\/posts\/300981","targetHints":{"allow":["GET"]}}],"collection":[{"href":"https:\/\/www.europesays.com\/fr\/wp-json\/wp\/v2\/posts"}],"about":[{"href":"https:\/\/www.europesays.com\/fr\/wp-json\/wp\/v2\/types\/post"}],"author":[{"embeddable":true,"href":"https:\/\/www.europesays.com\/fr\/wp-json\/wp\/v2\/users\/2"}],"replies":[{"embeddable":true,"href":"https:\/\/www.europesays.com\/fr\/wp-json\/wp\/v2\/comments?post=300981"}],"version-history":[{"count":0,"href":"https:\/\/www.europesays.com\/fr\/wp-json\/wp\/v2\/posts\/300981\/revisions"}],"wp:featuredmedia":[{"embeddable":true,"href":"https:\/\/www.europesays.com\/fr\/wp-json\/wp\/v2\/media\/300982"}],"wp:attachment":[{"href":"https:\/\/www.europesays.com\/fr\/wp-json\/wp\/v2\/media?parent=300981"}],"wp:term":[{"taxonomy":"category","embeddable":true,"href":"https:\/\/www.europesays.com\/fr\/wp-json\/wp\/v2\/categories?post=300981"},{"taxonomy":"post_tag","embeddable":true,"href":"https:\/\/www.europesays.com\/fr\/wp-json\/wp\/v2\/tags?post=300981"}],"curies":[{"name":"wp","href":"https:\/\/api.w.org\/{rel}","templated":true}]}}