{"id":300985,"date":"2025-08-06T18:30:25","date_gmt":"2025-08-06T18:30:25","guid":{"rendered":"https:\/\/www.europesays.com\/fr\/300985\/"},"modified":"2025-08-06T18:30:25","modified_gmt":"2025-08-06T18:30:25","slug":"des-sapeurs-pompiers-de-loire-atlantique-envoyes-en-renfort","status":"publish","type":"post","link":"https:\/\/www.europesays.com\/fr\/300985\/","title":{"rendered":"des sapeurs-pompiers de Loire-Atlantique envoy\u00e9s en renfort"},"content":{"rendered":"<p>            Par<br \/>\n        <strong><br \/>\n            <a href=\"https:\/\/actu.fr\/auteur\/clemence-pays02-actu-fr\" title=\"Consulter tous les articles de Cl\u00e9mence Pays\" rel=\"nofollow noopener\" target=\"_blank\">Cl\u00e9mence Pays<\/a><br \/>\n        <\/strong><\/p>\n<p>        Publi\u00e9 le<\/p>\n<p>            6 ao\u00fbt 2025 \u00e0 17h36        <\/p>\n<p>Alors que <a href=\"https:\/\/actu.fr\/faits-divers\/direct-le-feu-le-plus-important-de-l-annee-ravage-l-aude-une-femme-tuee-par-les-flammes_63002524.html\" rel=\"nofollow noopener\" target=\"_blank\">plus de 16\u2009000 hectares ont \u00e9t\u00e9 parcourus par les flammes en moins de 24\u00a0heures, dans le d\u00e9partement de l\u2019Aude<\/a>, des <strong>sapeurs-pompiers de Loire-Atlantique<\/strong> ont \u00e9t\u00e9 appel\u00e9s en renfort. \u00ab\u2009Ils ont pris la route dans la nuit du mardi\u00a05 au mercredi 6\u00a0ao\u00fbt 2025\u2009\u00bb, depuis l\u2019unit\u00e9 logistique centrale du Service d\u00e9partemental d\u2019incendie et de secours (Sdis 44), \u00e0 <a href=\"https:\/\/actu.fr\/pays-de-la-loire\/carquefou_44026\" rel=\"nofollow noopener\" target=\"_blank\">Carquefou<\/a>.<\/p>\n<p class=\" wall-content\">Ce groupe d\u2019intervention feux de for\u00eat se compose de <strong>20 sapeurs-pompiers professionnels et volontaires<\/strong> issus de diff\u00e9rents groupements et centres de secours lig\u00e9riens\u2009:<\/p>\n<ul class=\" wall-content\">\n<li>Nantes Gouz\u00e9\u2009;<\/li>\n<li>Nantes Nord\u2009;<\/li>\n<li>Rez\u00e9\u2009;<\/li>\n<li>Saint-Herblain\u2009;<\/li>\n<li>Carquefou\u2009;<\/li>\n<li>Cou\u00ebron\u2009;<\/li>\n<li>Le Pellerin\u2009;<\/li>\n<li>Saint-Nazaire\u2009;<\/li>\n<li>Savenay\u2009;<\/li>\n<li>Saint-\u00c9tienne-de-Montluc\u2009;<\/li>\n<li>Pornic\u2009;<\/li>\n<li>Machecoul\u2009;<\/li>\n<li>Vallet\u2009;<\/li>\n<li>Ch\u00e2teaubriant\u2009;<\/li>\n<li>Saint-Gildas-des-Bois.<\/li>\n<\/ul>\n<p class=\" wall-content\">En plus de ces effectifs, <strong>quatre camions-citernes, un v\u00e9hicule hors route et deux v\u00e9hicules utilitaires<\/strong> sont envoy\u00e9s en renfort.<\/p>\n<p>La colonne \u00ab\u2009Arc Atlantique\u2009\u00bb<\/p>\n<p class=\" wall-content\">\u00ab\u2009Comme lors du <a href=\"https:\/\/actu.fr\/societe\/face-aux-feux-de-foret-des-pompiers-de-loire-atlantique-appeles-en-renfort-dans-le-sud_62916314.html\" rel=\"nofollow noopener\" target=\"_blank\">pr\u00e9c\u00e9dent engagement, au profit des Bouches-du-Rh\u00f4ne, du 15 au 19\u00a0juillet<\/a>, les sapeurs-pompiers lig\u00e9riens vont rejoindre leurs homologues de Vend\u00e9e et du Morbihan, pour former <strong>la colonne de renfort \u2018Arc Atlantique\u2019<\/strong>\u00bb, poursuit le Sdis 44.<\/p>\n<p class=\" wall-content\">La<strong> dur\u00e9e de la mission<\/strong> des soldats du feu lig\u00e9riens n\u2019est \u00ab\u2009pas d\u00e9finie \u00e0 ce jour\u2009\u00bb.<\/p>\n<p class=\" wall-content\">Suivez toute l\u2019actualit\u00e9 de vos villes et m\u00e9dias favoris en vous inscrivant \u00e0 <a href=\"https:\/\/moncompte.actu.fr\" title=\"D\u00e9couvez Mon Actu\" rel=\"nofollow noopener\" data-trk=\"{&quot;cta&quot;:{&quot;action&quot;:&quot;https:\\\/\\\/moncompte.actu.fr&quot;,&quot;category&quot;:&quot;mon compte&quot;,&quot;from&quot;:&quot;article footer&quot;,&quot;name&quot;:&quot;Mon actu&quot;,&quot;type&quot;:&quot;cta&quot;}}\" target=\"_blank\">Mon Actu<\/a>.<\/p>\n","protected":false},"excerpt":{"rendered":"Par Cl\u00e9mence Pays Publi\u00e9 le 6 ao\u00fbt 2025 \u00e0 17h36 Alors que plus de 16\u2009000 hectares ont \u00e9t\u00e9&hellip;\n","protected":false},"author":2,"featured_media":300986,"comment_status":"","ping_status":"","sticky":false,"template":"","format":"standard","meta":{"footnotes":""},"categories":[2818],"tags":[1111,11,1777,674,1011,27,1310,766,12,2636,1311,25,104],"class_list":{"0":"post-300985","1":"post","2":"type-post","3":"status-publish","4":"format-standard","5":"has-post-thumbnail","7":"category-nantes","8":"tag-actu","9":"tag-actualites","10":"tag-eu","11":"tag-europe","12":"tag-fr","13":"tag-france","14":"tag-incendie","15":"tag-nantes","16":"tag-news","17":"tag-pays-de-la-loire","18":"tag-pompiers","19":"tag-republique-francaise","20":"tag-societe"},"share_on_mastodon":{"url":"https:\/\/pubeurope.com\/@fr\/114983247820715638","error":""},"_links":{"self":[{"href":"https:\/\/www.europesays.com\/fr\/wp-json\/wp\/v2\/posts\/300985","targetHints":{"allow":["GET"]}}],"collection":[{"href":"https:\/\/www.europesays.com\/fr\/wp-json\/wp\/v2\/posts"}],"about":[{"href":"https:\/\/www.europesays.com\/fr\/wp-json\/wp\/v2\/types\/post"}],"author":[{"embeddable":true,"href":"https:\/\/www.europesays.com\/fr\/wp-json\/wp\/v2\/users\/2"}],"replies":[{"embeddable":true,"href":"https:\/\/www.europesays.com\/fr\/wp-json\/wp\/v2\/comments?post=300985"}],"version-history":[{"count":0,"href":"https:\/\/www.europesays.com\/fr\/wp-json\/wp\/v2\/posts\/300985\/revisions"}],"wp:featuredmedia":[{"embeddable":true,"href":"https:\/\/www.europesays.com\/fr\/wp-json\/wp\/v2\/media\/300986"}],"wp:attachment":[{"href":"https:\/\/www.europesays.com\/fr\/wp-json\/wp\/v2\/media?parent=300985"}],"wp:term":[{"taxonomy":"category","embeddable":true,"href":"https:\/\/www.europesays.com\/fr\/wp-json\/wp\/v2\/categories?post=300985"},{"taxonomy":"post_tag","embeddable":true,"href":"https:\/\/www.europesays.com\/fr\/wp-json\/wp\/v2\/tags?post=300985"}],"curies":[{"name":"wp","href":"https:\/\/api.w.org\/{rel}","templated":true}]}}