{"id":30099,"date":"2025-04-16T22:16:22","date_gmt":"2025-04-16T22:16:22","guid":{"rendered":"https:\/\/www.europesays.com\/fr\/30099\/"},"modified":"2025-04-16T22:16:22","modified_gmt":"2025-04-16T22:16:22","slug":"renee-peyret-cent-ans-de-souvenirs","status":"publish","type":"post","link":"https:\/\/www.europesays.com\/fr\/30099\/","title":{"rendered":"Ren\u00e9e Peyret, cent ans de souvenirs"},"content":{"rendered":"<p>Ren\u00e9e Peyret a vu le jour le 12\u00a0avril 1925 \u00e0 Saint-\u00c9tienne, une ville qu\u2019elle n\u2019a jamais quitt\u00e9e. \u00ab\u00a0J\u2019ai pass\u00e9 ma vie ici\u00a0\u00bb, confie-t-elle. Issue d\u2019une g\u00e9n\u00e9ration marqu\u00e9e par la guerre, elle a travers\u00e9 les \u00e9preuves avec courage et r\u00e9silience. \u00ab\u00a0Elle nous a beaucoup racont\u00e9 la guerre, les d\u00e9tails de ces cinq ann\u00e9es, avec le grand-p\u00e8re. La survie, la disette\u2026\u00a0\u00bb, rapporte l\u2019une de ses petites-filles,&#8230;<\/p>\n","protected":false},"excerpt":{"rendered":"Ren\u00e9e Peyret a vu le jour le 12\u00a0avril 1925 \u00e0 Saint-\u00c9tienne, une ville qu\u2019elle n\u2019a jamais quitt\u00e9e. \u00ab\u00a0J\u2019ai&hellip;\n","protected":false},"author":2,"featured_media":30100,"comment_status":"","ping_status":"","sticky":false,"template":"","format":"standard","meta":{"footnotes":""},"categories":[9653],"tags":[1111,11,2430,7539,1777,674,1011,27,1757,12,25,4001,7538],"class_list":{"0":"post-30099","1":"post","2":"type-post","3":"status-publish","4":"format-standard","5":"has-post-thumbnail","7":"category-saint-etienne","8":"tag-actu","9":"tag-actualites","10":"tag-auvergne-rhone-alpes","11":"tag-edition-loire-sud","12":"tag-eu","13":"tag-europe","14":"tag-fr","15":"tag-france","16":"tag-insolite","17":"tag-news","18":"tag-republique-francaise","19":"tag-saint-etienne","20":"tag-saint-etienne-ville"},"share_on_mastodon":{"url":"https:\/\/pubeurope.com\/@fr\/114349957672715293","error":""},"_links":{"self":[{"href":"https:\/\/www.europesays.com\/fr\/wp-json\/wp\/v2\/posts\/30099","targetHints":{"allow":["GET"]}}],"collection":[{"href":"https:\/\/www.europesays.com\/fr\/wp-json\/wp\/v2\/posts"}],"about":[{"href":"https:\/\/www.europesays.com\/fr\/wp-json\/wp\/v2\/types\/post"}],"author":[{"embeddable":true,"href":"https:\/\/www.europesays.com\/fr\/wp-json\/wp\/v2\/users\/2"}],"replies":[{"embeddable":true,"href":"https:\/\/www.europesays.com\/fr\/wp-json\/wp\/v2\/comments?post=30099"}],"version-history":[{"count":0,"href":"https:\/\/www.europesays.com\/fr\/wp-json\/wp\/v2\/posts\/30099\/revisions"}],"wp:featuredmedia":[{"embeddable":true,"href":"https:\/\/www.europesays.com\/fr\/wp-json\/wp\/v2\/media\/30100"}],"wp:attachment":[{"href":"https:\/\/www.europesays.com\/fr\/wp-json\/wp\/v2\/media?parent=30099"}],"wp:term":[{"taxonomy":"category","embeddable":true,"href":"https:\/\/www.europesays.com\/fr\/wp-json\/wp\/v2\/categories?post=30099"},{"taxonomy":"post_tag","embeddable":true,"href":"https:\/\/www.europesays.com\/fr\/wp-json\/wp\/v2\/tags?post=30099"}],"curies":[{"name":"wp","href":"https:\/\/api.w.org\/{rel}","templated":true}]}}