{"id":300994,"date":"2025-08-06T18:35:12","date_gmt":"2025-08-06T18:35:12","guid":{"rendered":"https:\/\/www.europesays.com\/fr\/300994\/"},"modified":"2025-08-06T18:35:12","modified_gmt":"2025-08-06T18:35:12","slug":"championship-le-toulouse-olympique-sassure-joe-cator-rugby-a-xiii","status":"publish","type":"post","link":"https:\/\/www.europesays.com\/fr\/300994\/","title":{"rendered":"Championship &#8211; Le Toulouse Olympique s&rsquo;assure Joe Cator &#8211; Rugby \u00e0 XIII"},"content":{"rendered":"<p style=\"text-align: justify;\"><strong>Cl\u00e9 de voute du pack toulousain, Joe Cator prolonge avec le club du pr\u00e9sident Dubois. Le Toulouse Olympique s\u2019assure ses services pour deux saisons suppl\u00e9mentaires.\u00a0<\/strong><\/p>\n<p style=\"text-align: justify;\">Malgr\u00e9 une premi\u00e8re saison compliqu\u00e9e avec le TO due \u00e0 une blessure \u00e0 l\u2019\u00e9paule, il est ensuite revenu avec la ferme intention de montrer de quoi il \u00e9tait capable. Depuis le d\u00e9but de la saison, Sylvain Houles le couche sur pratiquement toutes les feuilles de match en troisi\u00e8me ligne. Anthony Marion ayant \u00e9t\u00e9 au four et au moulin pour palier aux blessures \u00e0 l\u2019ouverture et au talon. Il en a ainsi fait un \u00e9l\u00e9ment cl\u00e9 de son effectif et au vu des r\u00e9sultats, il a bien raison. En effet, les Olympiens sont 2\u00e8mes \u00e0 \u00e9galit\u00e9 de points avec Bradford et \u00e0 2 points du leader York.<\/p>\n<p><strong>En attaque<\/strong><\/p>\n<p style=\"text-align: justify;\">L\u2019entraineur du club dit de lui qu\u2019il est \u00ab\u00a0c\u2019est un joueur intelligent et qui comprend tr\u00e8s bien le jeu\u00a0\u00bb. Ces propos dithyrambiques de la part de son coach montre bien qu\u2019il a confiance en lui et qu\u2019il souhaite en faire un leader. C\u2019est un moteur pour ses co\u00e9quipiers tant il est capable de travailler et de s\u2019impliquer dans toutes les t\u00e2ches. Cet Anglais de 27 ans, habitu\u00e9 \u00e0 la Super League, est capable de cr\u00e9er sans utiliser en permanence le contact. Ainsi, il varie son jeu, alternant les charges physiques et les fixations cr\u00e9atives. Bref, offensivement, il a su se rendre indispensable sur le terrain.<\/p>\n<p><strong>D\u00e9fensivement<\/strong><\/p>\n<p style=\"text-align: justify;\">En d\u00e9fense, il multiplie les efforts dans tous les secteurs. Il est impliqu\u00e9 et appliqu\u00e9 dans les placages. Il est non seulement pr\u00e9cieux lors des placages mais \u00e0 une activit\u00e9 importante. Il se montre d\u00e9termin\u00e9 dans tout ce qu\u2019il fait. L\u2019intelligence qu\u2019il montre dans les phases offensives n\u2019a rien \u00e0 envier \u00e0 celle qu\u2019il utilise en d\u00e9fense. Il est capable, par sa bonne lecture du jeu, d\u2019anticiper et de couvrir les br\u00e8ches que ses adversaires se sont cr\u00e9\u00e9es. Le r\u00e9sum\u00e9 fait par son entraineur est sans \u00e9quivoque \u00e0 ce sujet : \u00ab\u00a0c\u2019est un tr\u00e8s bon d\u00e9fenseur qui fait beaucoup d\u2019efforts\u00a0\u00bb.<\/p>\n<p><strong>Son \u00e9tat d\u2019esprit<\/strong><\/p>\n<p style=\"text-align: justify;\">\u00c0 27 ans, il fait d\u00e9j\u00e0 preuve de maturit\u00e9. Il connait les ingr\u00e9dients \u00e0 mettre en place pour \u00e9voluer \u00e0 son meilleur niveau. La r\u00e9silience dont il fait preuve est un exemple pour ses co\u00e9quipier. Il insuffle \u00e0 son vestiaire une mentalit\u00e9 de guerrier et de combativit\u00e9. Il montre que rien ne peut arr\u00eater une personne qui souhaite avancer. Il en a fait la preuve lors de sa blessure en revenant tr\u00e8s vite et tr\u00e8s fort. Avec le retour imminent d\u2019Anthony Marion, il va devoir se battre aussi pour conserver son poste.<\/p>\n<p style=\"text-align: justify;\">La prolongation de ce joueur est \u00e0 l\u2019image de ce que souhaite v\u00e9hiculer le club \u00e0 son vestiaire : r\u00e9silience, travail, implication, mental et ambition. Tiens donc, ambition ? Ce n\u2019est pas LE mot des 3 premiers de Championship ?<\/p>\n<blockquote class=\"instagram-media\" data-instgrm-captioned=\"\" data-instgrm-permalink=\"https:\/\/www.instagram.com\/p\/DM4xcCPsAty\/?utm_source=ig_embed&amp;utm_campaign=loading\" data-instgrm-version=\"14\" style=\" background:#FFF; border:0; border-radius:3px; box-shadow:0 0 1px 0 rgba(0,0,0,0.5),0 1px 10px 0 rgba(0,0,0,0.15); margin: 1px; max-width:500px; min-width:326px; padding:0; width:99.375%; width:-webkit-calc(100% - 2px); width:calc(100% - 2px);\">\n<\/blockquote>\n<p>        <script async src=\"\/\/www.instagram.com\/embed.js\"><\/script><\/p>\n","protected":false},"excerpt":{"rendered":"Cl\u00e9 de voute du pack toulousain, Joe Cator prolonge avec le club du pr\u00e9sident Dubois. Le Toulouse Olympique&hellip;\n","protected":false},"author":2,"featured_media":300995,"comment_status":"","ping_status":"","sticky":false,"template":"","format":"standard","meta":{"footnotes":""},"categories":[2816],"tags":[1111,11,3500,1777,674,1011,27,44101,12,2680,25,2228,2229,2312,3502],"class_list":{"0":"post-300994","1":"post","2":"type-post","3":"status-publish","4":"format-standard","5":"has-post-thumbnail","7":"category-toulouse","8":"tag-actu","9":"tag-actualites","10":"tag-championship","11":"tag-eu","12":"tag-europe","13":"tag-fr","14":"tag-france","15":"tag-joe-cator","16":"tag-news","17":"tag-occitanie","18":"tag-republique-francaise","19":"tag-rugby-a-xiii","20":"tag-rugby-league","21":"tag-toulouse","22":"tag-toulouse-olympique"},"share_on_mastodon":{"url":"https:\/\/pubeurope.com\/@fr\/114983267489998896","error":""},"_links":{"self":[{"href":"https:\/\/www.europesays.com\/fr\/wp-json\/wp\/v2\/posts\/300994","targetHints":{"allow":["GET"]}}],"collection":[{"href":"https:\/\/www.europesays.com\/fr\/wp-json\/wp\/v2\/posts"}],"about":[{"href":"https:\/\/www.europesays.com\/fr\/wp-json\/wp\/v2\/types\/post"}],"author":[{"embeddable":true,"href":"https:\/\/www.europesays.com\/fr\/wp-json\/wp\/v2\/users\/2"}],"replies":[{"embeddable":true,"href":"https:\/\/www.europesays.com\/fr\/wp-json\/wp\/v2\/comments?post=300994"}],"version-history":[{"count":0,"href":"https:\/\/www.europesays.com\/fr\/wp-json\/wp\/v2\/posts\/300994\/revisions"}],"wp:featuredmedia":[{"embeddable":true,"href":"https:\/\/www.europesays.com\/fr\/wp-json\/wp\/v2\/media\/300995"}],"wp:attachment":[{"href":"https:\/\/www.europesays.com\/fr\/wp-json\/wp\/v2\/media?parent=300994"}],"wp:term":[{"taxonomy":"category","embeddable":true,"href":"https:\/\/www.europesays.com\/fr\/wp-json\/wp\/v2\/categories?post=300994"},{"taxonomy":"post_tag","embeddable":true,"href":"https:\/\/www.europesays.com\/fr\/wp-json\/wp\/v2\/tags?post=300994"}],"curies":[{"name":"wp","href":"https:\/\/api.w.org\/{rel}","templated":true}]}}