{"id":300998,"date":"2025-08-06T18:37:10","date_gmt":"2025-08-06T18:37:10","guid":{"rendered":"https:\/\/www.europesays.com\/fr\/300998\/"},"modified":"2025-08-06T18:37:10","modified_gmt":"2025-08-06T18:37:10","slug":"le-cas-chevalier-pas-de-lateral-gauche-le-coup-de-gueule-de-genesio-sur-le-mercato","status":"publish","type":"post","link":"https:\/\/www.europesays.com\/fr\/300998\/","title":{"rendered":"le cas Chevalier, pas de lat\u00e9ral gauche&#8230; le coup de gueule de Genesio sur le mercato"},"content":{"rendered":"<p class=\"mb-4 text-lg md:leading-8 break-words\">Sur le terrain tout s&rsquo;est bien pass\u00e9 pour Lille ce mercredi. Une victoire 3-0 avec un <a href=\"https:\/\/fr.news.yahoo.com\/sport\/lille-venise-giroud-r%C3%A9gale-amical-154319940.html\" data-ylk=\"slk:doubl\u00e9 du nouvel attaquant Olivier Giroud;elm:context_link;itc:0;sec:content-canvas;outcm:mb_qualified_link;_E:mb_qualified_link;ct:story;\" class=\"link  yahoo-link\" target=\"_blank\" rel=\"noopener\">doubl\u00e9 du nouvel attaquant Olivier Giroud<\/a>. Mais en coulisses, tout semble bien diff\u00e9rent&#8230; Bruno Genesio s&rsquo;est exprim\u00e9 sur le mercato lillois et il n&rsquo;est pas vraiment rassur\u00e9.<\/p>\n<p class=\"mb-4 text-lg md:leading-8 break-words\">\u00ab\u00a0Est-ce que je suis inquiet de voir que son cas (celui de Lucas Chevalier) n&rsquo;est pas encore scell\u00e9 ? Il n&rsquo;y a pas que le sien qui m&rsquo;inqui\u00e8te&#8230; Il y en a beaucoup. Le c\u00f4t\u00e9 gauche ? Il y en a beaucoup. Bient\u00f4t un nouveau lat\u00e9ral gauche ? J\u2019esp\u00e8re mais ce n&rsquo;est pas moi qui peut r\u00e9pondre \u00e0 cette question&#8230;\u00a0\u00bb, a l\u00e2ch\u00e9 l&rsquo;entraineur lillois apr\u00e8s la victoire de son \u00e9quipe.<\/p>\n<p>Chevalier vers un d\u00e9part in\u00e9vitable<\/p>\n<p class=\"mb-4 text-lg md:leading-8 break-words\">Depuis le d\u00e9but du mercato, Lille a recrut\u00e9 cinq joueurs mais aucun lat\u00e9ral gauche. Pourtant, ce poste est d\u00e9sert\u00e9. Les d\u00e9parts de Gudmundsson, Ismaily et Bakker n&rsquo;y sont pas pour rien. Le club nordiste devrait aussi perdre Lucas Chevalier. Le cas du gardien international fran\u00e7ais ne semble presque plus faire l&rsquo;ombre d&rsquo;un doute. Il devrait rejoindre le PSG <a href=\"https:\/\/fr.news.yahoo.com\/sport\/info-rmc-sport-psg-inform%C3%A9-193145858.html\" data-ylk=\"slk:comme expliqu\u00e9 par RMC Sport il y a quelques jours;elm:context_link;itc:0;sec:content-canvas;outcm:mb_qualified_link;_E:mb_qualified_link;ct:story;\" class=\"link  yahoo-link\" target=\"_blank\" rel=\"noopener\">comme expliqu\u00e9 par RMC Sport il y a quelques jours<\/a>.<\/p>\n<p class=\"mb-4 text-lg md:leading-8 break-words\">\u00ab\u00a0Lucas est professionnel, il veut tout donner pour le Losc jusqu&rsquo;au dernier moment s&rsquo;il doit y avoir un dernier moment\u00a0\u00bb, a expliqu\u00e9 Bruno Genesio. L&rsquo;entraineur du Losc avait, par ailleurs, titularis\u00e9 d&rsquo;entr\u00e9e son gardien de but face \u00e0 Venise ce mercredi apr\u00e8s-midi. Au poste de lat\u00e9ral gauche, c&rsquo;est le jeune Isaac Cossier, \u00e2g\u00e9 de 18 ans, qui assurait l&rsquo;int\u00e9rim au coup d&rsquo;envoi en attendant la potentielle arriv\u00e9e d&rsquo;un joueur \u00e0 ce poste \u00e0 10 jours du d\u00e9but de la saison de Ligue 1.<\/p>\n<p class=\"mb-4 text-lg md:leading-8 break-words\"><a href=\"https:\/\/rmcsport.bfmtv.com\/football\/ligue-1\/lille-le-cas-chevalier-pas-de-lateral-gauche-le-coup-de-gueule-de-genesio-sur-le-mercato_AV-202508060461.html#xtor=AL-68\" rel=\"nofollow noopener\" target=\"_blank\" data-ylk=\"slk:Article original publi\u00e9 sur RMC Sport;elm:context_link;itc:0;sec:content-canvas\" class=\"link \">Article original publi\u00e9 sur RMC Sport<\/a><\/p>\n","protected":false},"excerpt":{"rendered":"Sur le terrain tout s&rsquo;est bien pass\u00e9 pour Lille ce mercredi. Une victoire 3-0 avec un doubl\u00e9 du&hellip;\n","protected":false},"author":2,"featured_media":300999,"comment_status":"","ping_status":"","sticky":false,"template":"","format":"standard","meta":{"footnotes":""},"categories":[2815],"tags":[1111,11,8095,1777,674,1011,27,44102,811,20377,1307,2267,4668,12,5959,93,25],"class_list":{"0":"post-300998","1":"post","2":"type-post","3":"status-publish","4":"format-standard","5":"has-post-thumbnail","7":"category-lille","8":"tag-actu","9":"tag-actualites","10":"tag-bruno-genesio","11":"tag-eu","12":"tag-europe","13":"tag-fr","14":"tag-france","15":"tag-gudmundsson","16":"tag-hauts-de-france","17":"tag-ismaily","18":"tag-lille","19":"tag-losc","20":"tag-lucas-chevalier","21":"tag-news","22":"tag-olivier-giroud","23":"tag-psg","24":"tag-republique-francaise"},"share_on_mastodon":{"url":"https:\/\/pubeurope.com\/@fr\/114983275349301272","error":""},"_links":{"self":[{"href":"https:\/\/www.europesays.com\/fr\/wp-json\/wp\/v2\/posts\/300998","targetHints":{"allow":["GET"]}}],"collection":[{"href":"https:\/\/www.europesays.com\/fr\/wp-json\/wp\/v2\/posts"}],"about":[{"href":"https:\/\/www.europesays.com\/fr\/wp-json\/wp\/v2\/types\/post"}],"author":[{"embeddable":true,"href":"https:\/\/www.europesays.com\/fr\/wp-json\/wp\/v2\/users\/2"}],"replies":[{"embeddable":true,"href":"https:\/\/www.europesays.com\/fr\/wp-json\/wp\/v2\/comments?post=300998"}],"version-history":[{"count":0,"href":"https:\/\/www.europesays.com\/fr\/wp-json\/wp\/v2\/posts\/300998\/revisions"}],"wp:featuredmedia":[{"embeddable":true,"href":"https:\/\/www.europesays.com\/fr\/wp-json\/wp\/v2\/media\/300999"}],"wp:attachment":[{"href":"https:\/\/www.europesays.com\/fr\/wp-json\/wp\/v2\/media?parent=300998"}],"wp:term":[{"taxonomy":"category","embeddable":true,"href":"https:\/\/www.europesays.com\/fr\/wp-json\/wp\/v2\/categories?post=300998"},{"taxonomy":"post_tag","embeddable":true,"href":"https:\/\/www.europesays.com\/fr\/wp-json\/wp\/v2\/tags?post=300998"}],"curies":[{"name":"wp","href":"https:\/\/api.w.org\/{rel}","templated":true}]}}