{"id":301002,"date":"2025-08-06T18:39:15","date_gmt":"2025-08-06T18:39:15","guid":{"rendered":"https:\/\/www.europesays.com\/fr\/301002\/"},"modified":"2025-08-06T18:39:15","modified_gmt":"2025-08-06T18:39:15","slug":"en-equilibre-marseille-centre-de-bien-etre-et-spa-pour-votre-mieux-etre","status":"publish","type":"post","link":"https:\/\/www.europesays.com\/fr\/301002\/","title":{"rendered":"En \u00e9quilibre Marseille : centre de bien-\u00eatre et spa pour votre mieux-\u00eatre"},"content":{"rendered":"<p>En me promenant dans le 9\u00e8me arrondissement de Marseille, j\u2019ai d\u00e9couvert une v\u00e9ritable p\u00e9pite cach\u00e9e au d\u00e9tour du boulevard de la Fontaine. Un lieu o\u00f9 le tumulte de la cit\u00e9 phoc\u00e9enne s\u2019estompe pour laisser place \u00e0 une bulle de s\u00e9r\u00e9nit\u00e9. Bienvenue \u00e0 <strong>En \u00c9quilibre, un centre de bien-\u00eatre marseillais<\/strong> qui fait parler de lui pour son approche unique et sa philosophie centr\u00e9e sur l\u2019humain. Fond\u00e9 par un duo m\u00e8re-fille passionn\u00e9, cet espace privil\u00e9gie une vision holistique du mieux-\u00eatre, o\u00f9 corps et esprit trouvent leur harmonie parfaite. Fini les soins impersonnels \u00e0 la cha\u00eene \u2013 ici, chaque exp\u00e9rience est personnalis\u00e9e dans un cadre exceptionnel m\u00ealant jardin apaisant et cabines cosy. Allez, je vous emm\u00e8ne d\u00e9couvrir ce havre de paix o\u00f9 l\u2019\u00e9quilibre n\u2019est pas qu\u2019un nom, mais une promesse tenue.<\/p>\n<p>Notre centre de bien-\u00eatre : une oasis de s\u00e9r\u00e9nit\u00e9 au c\u0153ur de Marseille<\/p>\n<p>Entre les collines et la mer, <strong>En \u00c9quilibre se dresse comme un sanctuaire urbain<\/strong> o\u00f9 le temps semble suspendu. Situ\u00e9 boulevard de la Fontaine dans le 9\u00e8me, ce lieu contraste magnifiquement avec l\u2019effervescence marseillaise que j\u2019aime tant. Ici, pas de klaxons ni de tumulte, juste le chant des oiseaux dans le jardin m\u00e9diterran\u00e9en qui entoure le centre.<\/p>\n<p>Un espace con\u00e7u pour votre d\u00e9tente<\/p>\n<p>D\u00e8s mon arriv\u00e9e, j\u2019ai \u00e9t\u00e9 saisi par l\u2019atmosph\u00e8re apaisante des lieux. Le jardin, v\u00e9ritable invitation au l\u00e2cher-prise, pr\u00e9c\u00e8de des installations pens\u00e9es pour le ressourcement total :<\/p>\n<ul>\n<li>Des cabines de soins cosy aux lumi\u00e8res tamis\u00e9es<\/li>\n<li>Un hammam traditionnel aux senteurs d\u2019eucalyptus<\/li>\n<li>Un sauna finlandais pour une d\u00e9toxification profonde<\/li>\n<li>Des espaces de relaxation o\u00f9 savourer une tisane apr\u00e8s les soins<\/li>\n<\/ul>\n<p>Accessibilit\u00e9 et r\u00e9servations simplifi\u00e9es<\/p>\n<p>Ouvert du mardi au samedi de 10h \u00e0 19h, <strong>le centre privil\u00e9gie l\u2019accessibilit\u00e9 et la simplicit\u00e9<\/strong>. La r\u00e9servation en ligne via Planity facilite grandement l\u2019organisation. Un petit conseil entre Marseillais : les cr\u00e9neaux du mercredi apr\u00e8s-midi partent vite, m\u00eame en plein match de l\u2019OM !<\/p>\n<p>L\u2019art du bien-\u00eatre par Muriel et Lysa : une approche familiale et passionn\u00e9e<br \/>\nDes parcours et expertises compl\u00e9mentaires<\/p>\n<p>Ce qui fait la particularit\u00e9 d\u2019En \u00c9quilibre, c\u2019est <strong>le tandem m\u00e8re-fille qui anime ce lieu avec passion<\/strong>. D\u2019un c\u00f4t\u00e9, Muriel apporte sagesse, empathie et ma\u00eetrise des techniques ancestrales de massage et d\u2019hypnose th\u00e9rapeutique. De l\u2019autre, Lysa insuffle dynamisme et innovation, notamment dans les soins esth\u00e9tiques. Ce duo m\u2019a impressionn\u00e9 par sa compl\u00e9mentarit\u00e9 parfaite :<\/p>\n<tr>\nMuriel<br \/>\nLysa<br \/>\n<\/tr>\n<tr>\n<td>Expertise en massages th\u00e9rapeutiques<\/td>\n<td>Sp\u00e9cialiste des soins esth\u00e9tiques innovants<\/td>\n<\/tr>\n<tr>\n<td>Praticienne en hypnose<\/td>\n<td>Technicienne beaut\u00e9 certifi\u00e9e<\/td>\n<\/tr>\n<tr>\n<td>Approche traditionnelle<\/td>\n<td>Vision contemporaine<\/td>\n<\/tr>\n<p>Une vision partag\u00e9e du bien-\u00eatre<\/p>\n<p>Ensemble, elles ont cr\u00e9\u00e9 <strong>un cocon familial d\u00e9di\u00e9 \u00e0 l\u2019\u00e9panouissement global<\/strong> o\u00f9 l\u2019\u00e9coute et l\u2019authenticit\u00e9 priment. Cette complicit\u00e9 m\u00e8re-fille cr\u00e9e une atmosph\u00e8re rassurante qui m\u2019a permis de l\u00e2cher prise instantan\u00e9ment \u2013 chose rare pour un Marseillais toujours sur le qui-vive !<\/p>\n<p>Notre philosophie : le bien-\u00eatre comme mosa\u00efque compl\u00e8te<br \/>\nUne vision holistique du mieux-\u00eatre<\/p>\n<p>\u00c0 En \u00c9quilibre, <strong>le bien-\u00eatre est consid\u00e9r\u00e9 comme une mosa\u00efque complexe<\/strong> int\u00e9grant dimensions physiques, \u00e9motionnelles, mentales et \u00e9nerg\u00e9tiques. Cette philosophie influence chaque pratique et forge l\u2019identit\u00e9 du centre :<\/p>\n<ul>\n<li>Traiter le corps dans sa globalit\u00e9 plut\u00f4t que sympt\u00f4me par sympt\u00f4me<\/li>\n<li>Consid\u00e9rer l\u2019\u00e9quilibre \u00e9motionnel comme fondation du mieux-\u00eatre<\/li>\n<li>Accompagner les transformations int\u00e9rieures autant qu\u2019ext\u00e9rieures<\/li>\n<li>Nourrir l\u2019\u00e9nergie vitale pour un renouveau complet<\/li>\n<\/ul>\n<p>L\u2019attention personnalis\u00e9e au c\u0153ur de notre approche<\/p>\n<p>Chaque client b\u00e9n\u00e9ficie d\u2019une approche sur mesure. J\u2019ai particuli\u00e8rement appr\u00e9ci\u00e9 l\u2019accueil chaleureux avec tisanes bio et collations gourmandes qui pr\u00e9c\u00e8de chaque soin. Cette bienveillance caract\u00e9ristique illustre parfaitement leur engagement : offrir des exp\u00e9riences qui r\u00e9sonnent avec l\u2019\u00eatre profond de chacun.<\/p>\n<p><img loading=\"lazy\" width=\"1344\" height=\"896\" decoding=\"async\" src=\"data:image\/svg+xml,%3Csvg%20xmlns=\" http:=\"\" alt=\"Tasse de th\u00e9 sur support en bois pr\u00e8s de branches de sapin\" data-lazy-src=\"https:\/\/www.europesays.com\/fr\/wp-content\/uploads\/2025\/08\/pause_detente_hivernale_cosy_2023.jpg\"\/><\/p>\n<p><a href=\"https:\/\/www.present.fr\/vivre-bali-guide-complet-sexpatrier-france-conseils-pratiques-partir\/\" target=\"_blank\" rel=\"noopener\"><br \/>\n  <img loading=\"lazy\" decoding=\"async\" width=\"1298\" height=\"560\" src=\"data:image\/svg+xml,%3Csvg%20xmlns=\" http:=\"\" alt=\"Vivre \u00e0 Bali\" style=\"width:100%; height:auto;\" data-lazy-src=\"https:\/\/www.europesays.com\/fr\/wp-content\/uploads\/2025\/07\/Design-sans-titre-2025-06-23T141323.113.jpg\"\/><br \/>\n<\/a><\/p>\n<p>Notre palette de soins : expertise et diversit\u00e9 pour votre \u00e9quilibre<br \/>\nSoins esth\u00e9tiques : beaut\u00e9 et bien-\u00eatre cutan\u00e9<\/p>\n<p>Le centre propose plus de 160 soins diff\u00e9rents. C\u00f4t\u00e9 esth\u00e9tique, <strong>l\u2019offre impressionnante r\u00e9pond \u00e0 tous les besoins<\/strong> :<\/p>\n<ul>\n<li>Soins visage personnalis\u00e9s selon votre type de peau<\/li>\n<li>Manucure experte avec pose de vernis semi-permanent<\/li>\n<li>Extensions d\u2019ongles avec technique au chablon<\/li>\n<li>Rehaussement et teinture de cils<\/li>\n<\/ul>\n<p>Massages et rituels : voyages sensoriels<\/p>\n<p>Les massages repr\u00e9sentent l\u2019excellence d\u2019En \u00c9quilibre avec une note client exceptionnelle de 4,8\/5. La diversit\u00e9 des techniques propos\u00e9es m\u2019a bluff\u00e9 :<\/p>\n<tr>\nType de massage<br \/>\nBienfaits principaux<br \/>\nDur\u00e9e<br \/>\n<\/tr>\n<tr>\n<td>Californien<\/td>\n<td>Relaxation profonde<\/td>\n<td>60 min<\/td>\n<\/tr>\n<tr>\n<td>Su\u00e9dois<\/td>\n<td>D\u00e9contraction musculaire<\/td>\n<td>60-90 min<\/td>\n<\/tr>\n<tr>\n<td>Ayurv\u00e9dique<\/td>\n<td>R\u00e9\u00e9quilibrage \u00e9nerg\u00e9tique<\/td>\n<td>75 min<\/td>\n<\/tr>\n<tr>\n<td>Lomi-Lomi<\/td>\n<td>Harmonisation corps-esprit<\/td>\n<td>60 min<\/td>\n<\/tr>\n<p>Th\u00e9rapies et soins \u00e9nerg\u00e9tiques : \u00e9quilibre int\u00e9rieur<\/p>\n<p>Pour un ressourcement complet, <strong>les th\u00e9rapies bien-\u00eatre compl\u00e8tent l\u2019exp\u00e9rience<\/strong> avec :<\/p>\n<ul>\n<li>S\u00e9ances d\u2019hypnose th\u00e9rapeutique (stress, phobies, sommeil)<\/li>\n<li>Fasciath\u00e9rapie pour lib\u00e9rer les tensions profondes<\/li>\n<li>Forfait DETOX combinant sauna et gommage aux sels marins<\/li>\n<\/ul>\n<p>Reconnaissance et excellence : notre engagement qualit\u00e9<\/p>\n<p>La r\u00e9putation d\u2019En \u00c9quilibre parle d\u2019elle-m\u00eame avec <strong>une note globale impressionnante de 4,7\/5 bas\u00e9e sur 125 avis clients<\/strong>. Certains soins atteignent m\u00eame la perfection comme les soins du dos et les poses d\u2019ongles en gel (5\/5).<\/p>\n<p>Des avis clients qui parlent d\u2019eux-m\u00eames<\/p>\n<p>Les commentaires que j\u2019ai pu lire soulignent unanimement la qualit\u00e9 exceptionnelle des soins et l\u2019accueil chaleureux \u2013 valeurs ch\u00e8res aux Marseillais ! L\u2019atmosph\u00e8re est syst\u00e9matiquement d\u00e9crite comme ressour\u00e7ante et revitalisante.<\/p>\n<p>Un soin signature reconnu au niveau national<\/p>\n<p>Le centre propose des prestations \u00e0 tous les prix :<\/p>\n<tr>\nPrestation<br \/>\nTarif normal<br \/>\nTarif promo<br \/>\n<\/tr>\n<tr>\n<td>Beaut\u00e9 des mains Expert<\/td>\n<td>65\u20ac<\/td>\n<td>\u2013<\/td>\n<\/tr>\n<tr>\n<td>D\u00e9lice du dos<\/td>\n<td>79\u20ac<\/td>\n<td>49\u20ac<\/td>\n<\/tr>\n<tr>\n<td>Rituel Peau Neuve<\/td>\n<td>79\u20ac<\/td>\n<td>49\u20ac<\/td>\n<\/tr>\n<p>En \u00c9quilibre repr\u00e9sente <strong>une parenth\u00e8se enchant\u00e9e au c\u0153ur de Marseille<\/strong> o\u00f9 l\u2019expertise se m\u00eale \u00e0 la bienveillance. Je recommande particuli\u00e8rement leur massage aux pierres chaudes apr\u00e8s une journ\u00e9e intense au V\u00e9lodrome !<\/p>\n<p><img loading=\"lazy\" decoding=\"async\" width=\"150\" height=\"150\" src=\"data:image\/svg+xml,%3Csvg%20xmlns=\" http:=\"\" class=\"attachment-150x150 size-150x150\" alt=\"\" itemprop=\"image\" data-lazy- data-lazy- data-lazy-src=\"https:\/\/www.europesays.com\/fr\/wp-content\/uploads\/2025\/04\/img2-150x150.png\"\/><\/p>\n<p>Je suis Adrien, r\u00e9dacteur virtuel depuis quelques ann\u00e9es. J&rsquo;aime pouvoir partager avec vous les tendances Lifestyle sur le blog News Of Marseille. J&rsquo;esp\u00e8re que vous prendrez plaisir \u00e0 lire mes articles !<\/p>\n<p>Partagez l&rsquo;article ou suivez nous !<\/p>\n<p>\n\tNos images sont \u00e0 but illustratif et peuvent ne pas repr\u00e9senter la r\u00e9alit\u00e9<\/p>\n","protected":false},"excerpt":{"rendered":"En me promenant dans le 9\u00e8me arrondissement de Marseille, j\u2019ai d\u00e9couvert une v\u00e9ritable p\u00e9pite cach\u00e9e au d\u00e9tour du&hellip;\n","protected":false},"author":2,"featured_media":301003,"comment_status":"","ping_status":"","sticky":false,"template":"","format":"standard","meta":{"footnotes":""},"categories":[2814],"tags":[1111,11,4983,44103,44104,1777,674,1011,27,884,12,882,25],"class_list":{"0":"post-301002","1":"post","2":"type-post","3":"status-publish","4":"format-standard","5":"has-post-thumbnail","7":"category-marseille","8":"tag-actu","9":"tag-actualites","10":"tag-bien-etre","11":"tag-centre-de-bien-etre","12":"tag-centre-de-relaxation","13":"tag-eu","14":"tag-europe","15":"tag-fr","16":"tag-france","17":"tag-marseille","18":"tag-news","19":"tag-provence-alpes-cote-dazur","20":"tag-republique-francaise"},"share_on_mastodon":{"url":"https:\/\/pubeurope.com\/@fr\/114983283173557782","error":""},"_links":{"self":[{"href":"https:\/\/www.europesays.com\/fr\/wp-json\/wp\/v2\/posts\/301002","targetHints":{"allow":["GET"]}}],"collection":[{"href":"https:\/\/www.europesays.com\/fr\/wp-json\/wp\/v2\/posts"}],"about":[{"href":"https:\/\/www.europesays.com\/fr\/wp-json\/wp\/v2\/types\/post"}],"author":[{"embeddable":true,"href":"https:\/\/www.europesays.com\/fr\/wp-json\/wp\/v2\/users\/2"}],"replies":[{"embeddable":true,"href":"https:\/\/www.europesays.com\/fr\/wp-json\/wp\/v2\/comments?post=301002"}],"version-history":[{"count":0,"href":"https:\/\/www.europesays.com\/fr\/wp-json\/wp\/v2\/posts\/301002\/revisions"}],"wp:featuredmedia":[{"embeddable":true,"href":"https:\/\/www.europesays.com\/fr\/wp-json\/wp\/v2\/media\/301003"}],"wp:attachment":[{"href":"https:\/\/www.europesays.com\/fr\/wp-json\/wp\/v2\/media?parent=301002"}],"wp:term":[{"taxonomy":"category","embeddable":true,"href":"https:\/\/www.europesays.com\/fr\/wp-json\/wp\/v2\/categories?post=301002"},{"taxonomy":"post_tag","embeddable":true,"href":"https:\/\/www.europesays.com\/fr\/wp-json\/wp\/v2\/tags?post=301002"}],"curies":[{"name":"wp","href":"https:\/\/api.w.org\/{rel}","templated":true}]}}