{"id":301009,"date":"2025-08-06T18:44:11","date_gmt":"2025-08-06T18:44:11","guid":{"rendered":"https:\/\/www.europesays.com\/fr\/301009\/"},"modified":"2025-08-06T18:44:11","modified_gmt":"2025-08-06T18:44:11","slug":"redecouvrir-paris-a-travers-une-randonnee","status":"publish","type":"post","link":"https:\/\/www.europesays.com\/fr\/301009\/","title":{"rendered":"red\u00e9couvrir Paris \u00e0 travers une randonn\u00e9e"},"content":{"rendered":"<p>Amateurs de randonn\u00e9e et amoureux de la marche ? Saviez-vous qu&rsquo;un circuit de grande randonn\u00e9e est d\u00e9sormais praticable autour de Paris ? Retrouvez tout le parcours du GR75 \u00e0 travers le documentaire d&rsquo;Anne-Sophie L\u00e9vy-Chambon.<\/p>\n<p>\n      L\u2019actu des r\u00e9gions\n    <\/p>\n<p>\n      Chaque jour, un tour d\u2019horizon des principales infos de toutes les r\u00e9gions.\n    <\/p>\n<p>    France T\u00e9l\u00e9visions utilise votre adresse e-mail afin de vous envoyer la newsletter \u00ab\u00a0L\u2019actu des r\u00e9gions\u00a0\u00bb. Vous pouvez vous d\u00e9sinscrire \u00e0 tout moment via le lien en bas de cette newsletter. <a target=\"_blank\" href=\"https:\/\/www.francetelevisions.fr\/groupe\/confidentialite\/politique-de-confidentialite\/politique-de-confidentialite-de-france-televisions-6503\" rel=\"nofollow noopener\">Notre politique de confidentialit\u00e9<\/a><\/p>\n<p>C&rsquo;est un nouveau tron\u00e7on du GR75 qui se dessine depuis la Porte de Saint-Mand\u00e9. \u00c0 partir de la piscine Geroges-Vallerey, l&rsquo;objectif est d&#8217;emprunter la Petite Ceinture pour rejoindre la Porte Dor\u00e9e. Pour marcher sur cette ligne de chemin de fer abandonn\u00e9e, il suffit de trouver l&rsquo;une de ses entr\u00e9es cach\u00e9e dans le 12e arrondissement, au bout de la voie Villa du Bel Air, et de contourner ainsi le quartier sur un sentier entour\u00e9 d&rsquo;arbres.<\/p>\n<p>Longue de 32 kilom\u00e8tres, la petite ceinture est bien connue des Parisiens mais souvent oubli\u00e9e lors des balades. C&rsquo;est pourtant l&rsquo;un des seuls parcours historiques qui permet de d\u00e9couvrir le pass\u00e9 des transports franciliens avant d&rsquo;arriver \u00e0 l&rsquo;une des plus belles portes de Paris : La Porte Dor\u00e9e.<\/p>\n<p>Pour retrouver l&rsquo;int\u00e9gralit\u00e9 du parcours du GR75, rendez-vous sur notre site <a target=\"_blank\" rel=\"noopener nofollow\" href=\"https:\/\/www.france.tv\/spectacles-et-culture\/paris-gr-75-le-grand-tour\/\">france.tv\/idf<\/a><\/p>\n","protected":false},"excerpt":{"rendered":"Amateurs de randonn\u00e9e et amoureux de la marche ? Saviez-vous qu&rsquo;un circuit de grande randonn\u00e9e est d\u00e9sormais praticable&hellip;\n","protected":false},"author":2,"featured_media":301010,"comment_status":"","ping_status":"","sticky":false,"template":"","format":"standard","meta":{"footnotes":""},"categories":[1888],"tags":[1111,1928,11,1927,1777,674,1011,27,12,1926,626,1925,25],"class_list":{"0":"post-301009","1":"post","2":"type-post","3":"status-publish","4":"format-standard","5":"has-post-thumbnail","7":"category-paris","8":"tag-actu","9":"tag-actu-paris","10":"tag-actualites","11":"tag-actualites-paris","12":"tag-eu","13":"tag-europe","14":"tag-fr","15":"tag-france","16":"tag-news","17":"tag-news-paris","18":"tag-paris","19":"tag-paris-news","20":"tag-republique-francaise"},"share_on_mastodon":{"url":"https:\/\/pubeurope.com\/@fr\/114983302809864985","error":""},"_links":{"self":[{"href":"https:\/\/www.europesays.com\/fr\/wp-json\/wp\/v2\/posts\/301009","targetHints":{"allow":["GET"]}}],"collection":[{"href":"https:\/\/www.europesays.com\/fr\/wp-json\/wp\/v2\/posts"}],"about":[{"href":"https:\/\/www.europesays.com\/fr\/wp-json\/wp\/v2\/types\/post"}],"author":[{"embeddable":true,"href":"https:\/\/www.europesays.com\/fr\/wp-json\/wp\/v2\/users\/2"}],"replies":[{"embeddable":true,"href":"https:\/\/www.europesays.com\/fr\/wp-json\/wp\/v2\/comments?post=301009"}],"version-history":[{"count":0,"href":"https:\/\/www.europesays.com\/fr\/wp-json\/wp\/v2\/posts\/301009\/revisions"}],"wp:featuredmedia":[{"embeddable":true,"href":"https:\/\/www.europesays.com\/fr\/wp-json\/wp\/v2\/media\/301010"}],"wp:attachment":[{"href":"https:\/\/www.europesays.com\/fr\/wp-json\/wp\/v2\/media?parent=301009"}],"wp:term":[{"taxonomy":"category","embeddable":true,"href":"https:\/\/www.europesays.com\/fr\/wp-json\/wp\/v2\/categories?post=301009"},{"taxonomy":"post_tag","embeddable":true,"href":"https:\/\/www.europesays.com\/fr\/wp-json\/wp\/v2\/tags?post=301009"}],"curies":[{"name":"wp","href":"https:\/\/api.w.org\/{rel}","templated":true}]}}