{"id":301011,"date":"2025-08-06T18:45:15","date_gmt":"2025-08-06T18:45:15","guid":{"rendered":"https:\/\/www.europesays.com\/fr\/301011\/"},"modified":"2025-08-06T18:45:15","modified_gmt":"2025-08-06T18:45:15","slug":"charge-e-de-mission-accompagnement-aupres-de-futures-entrepreneuses-en-ile-de-france-paris","status":"publish","type":"post","link":"https:\/\/www.europesays.com\/fr\/301011\/","title":{"rendered":"Charg\u00e9.e de mission Accompagnement aupr\u00e8s de futures entrepreneuses en Ile-de-France &#8211; Paris"},"content":{"rendered":"<p>La mission s\u2019int\u00e8gre dans les axes d\u2019action suivants\u00a0:<\/p>\n<ul>\n<li>Renforcer la diversit\u00e9 et l\u2019accessibilit\u00e9 de l\u2019entrepreneuriat aupr\u00e8s de toutes les femmes\u00a0;<\/li>\n<li>Favoriser l\u2019acc\u00e8s \u00e0 l\u2019information et \u00e0 la formation pour les futures entrepreneuses\u00a0;<\/li>\n<li>Renforcer la visibilit\u00e9 des femmes qui entreprennent et contribuer \u00e0 la cr\u00e9ation de futures r\u00f4les mod\u00e8les.<\/li>\n<\/ul>\n<p>Le ou la stagiaire participera au suivi et \u00e0 l\u2019animation de la communaut\u00e9 d\u2019entrepreneuses en devenir accompagn\u00e9es \u00e0 travers le programme \u00ab\u00a0Women Dare\u00a0\u00bb en \u00cele-de-France. Cette mission contribue \u00e0 l\u2019int\u00e9r\u00eat g\u00e9n\u00e9ral, et notamment \u00e0 la promotion de l\u2019\u00e9galit\u00e9 femmes-hommes, par l\u2019insertion des femmes dans le march\u00e9 de l\u2019emploi et l\u2019acc\u00e8s \u00e0 des opportunit\u00e9s \u00e9gales pour toutes et tous.<\/p>\n<p>Plus particuli\u00e8rement, les missions confi\u00e9es seront les suivantes\u00a0:<\/p>\n<p><strong>Accompagnement des porteuses de projet du programme (25%)\u00a0:<\/strong><\/p>\n<ul>\n<li>Animation de temps d\u2019information sur le programme et mise \u00e0 jour des supports concernant le parcours et la programmation<\/li>\n<li>Appui \u00e0 l\u2019animation de la communaut\u00e9 Women Dare par l\u2019organisation de temps mensuels d\u2019\u00e9changes et d\u2019apprentissage (petits groupes, bin\u00f4mes, ateliers de co-d\u00e9veloppement)<\/li>\n<li>Co-animation des sessions de suivi avec les entrepreneuses (animation en autonomie selon profil et app\u00e9tence)<\/li>\n<\/ul>\n<p><strong>Appui \u00e0 la gestion &amp; suivi du programme Women Dare (40%)\u00a0:<\/strong><\/p>\n<ul>\n<li>Suivi des nouvelles inscrites au programme (cr\u00e9ation de leur dossier sur notre base de donn\u00e9es, collecte des documents administratifs, mails de bienvenue)<\/li>\n<li>Soutien \u00e0 la gestion et au suivi des demandes entrantes des entrepreneuses du programme par mail ou en pr\u00e9sentiel en \u00e9tant identifi\u00e9 comme \u00ab\u00a0personne ressource\u00a0\u00bb \u00e0 l\u2019\u00e9coute des b\u00e9n\u00e9ficiaires<\/li>\n<li>Appui \u00e0 la gestion administrative du programme (collecte de pi\u00e8ces justificatives du parcours notamment les questionnaires de fin de parcours, feuille d\u2019\u00e9margement des ateliers en pr\u00e9sentiel etc.)<\/li>\n<li>Soutien \u00e0 la communication des opportunit\u00e9s de l\u2019\u00e9cosyst\u00e8me aupr\u00e8s des entrepreneuses (r\u00e9daction des newsletters mensuelles Women Dare, gestion du groupe whatsapp des entrepreneuses)<\/li>\n<li>Reporting &amp; suivi des formats r\u00e9alis\u00e9s (collecte des attestations de participation)<\/li>\n<\/ul>\n<p><strong>Coordination des intervenant\u00b7e\u00b7s et partenaires p\u00e9dagogiques (15%)\u00a0:<\/strong><\/p>\n<ul>\n<li>Suivi des intervenant\u00b7e\u00b7s et partenaires p\u00e9dagogiques (r\u00e9ception des supports, attestation de b\u00e9n\u00e9volat, mise \u00e0 jour de l\u2019outil de suivi des partenaires p\u00e9dagogiques)<\/li>\n<li>Appui logistique au bon d\u00e9roulement des ateliers en pr\u00e9sentiel et des formats en ligne de la programmation (confirmation des inscriptions, facilitation de l\u2019accueil des entrepreneuses, recueil des besoins sp\u00e9cifiques en vue des temps de coaching individualis\u00e9s)<\/li>\n<li>Analyse des questionnaires de satisfaction de la programmation en lien avec la charg\u00e9e d\u2019accompagnement pour identifier et relayer les besoins en accompagnement non couverts \u00e0 des fins d\u2019am\u00e9lioration du programme<\/li>\n<\/ul>\n<p><strong>Animation de sessions d\u2019orientation \u00e0 l\u2019entrepreneuriat (20%)<\/strong><\/p>\n<ul>\n<li>Participer aux sessions d\u2019orientation et de suivi dispens\u00e9es aupr\u00e8s des entrepreneuses par les \u00e9quipes d\u2019accompagnement de Empow\u2019Her<\/li>\n<\/ul>\n<p>Exp\u00e9riences \/ Formation<\/p>\n<p><strong>Comp\u00e9tences recherch\u00e9es\u00a0:<\/strong><\/p>\n<ul>\n<li>Tr\u00e8s bonne aisance relationnelle<\/li>\n<li>Bonnes comp\u00e9tences r\u00e9dactionnelles<\/li>\n<li>Bonne capacit\u00e9 d\u2019organisation<\/li>\n<li>Ma\u00eetrise des logiciels bureautiques (Pack Office\/suite Google)<\/li>\n<li>Savoir travailler \u00e0 la fois en \u00e9quipe et de mani\u00e8re autonome<\/li>\n<\/ul>\n<p><strong>Serait un plus\u00a0:<\/strong><\/p>\n<ul>\n<li>Connaissance du secteur de l\u2019entrepreneuriat et des enjeux d\u2019\u00e9galit\u00e9 de genre<\/li>\n<li>App\u00e9tence pour la conception p\u00e9dagogique<\/li>\n<li>Ma\u00eetrise de certains outils informatiques (Mailchimp, Canva, Zoom, WordPress\u2026)<\/li>\n<\/ul>\n<p><strong>Qualit\u00e9s requises\u00a0:<\/strong><\/p>\n<ul>\n<li>Curiosit\u00e9 et cr\u00e9ativit\u00e9<\/li>\n<li>Esprit d\u2019initiative<\/li>\n<li>Rigueur<\/li>\n<li>Polyvalence<\/li>\n<li>Engagement<\/li>\n<li>Esprit d\u2019\u00e9quipe<\/li>\n<\/ul>\n<p>  <a href=\"https:\/\/www.coordinationsud.org\/offre-emploi\/charge-e-de-mission-accompagnement-aupres-de-futures-entrepreneuses-en-ile-de-france-paris\/mailto:solene.larvor@empow-her.com\" class=\"btn-postuler\" rel=\"nofollow noopener\" target=\"_blank\">Postuler \u00e0 cette annonce<\/a><\/p>\n","protected":false},"excerpt":{"rendered":"La mission s\u2019int\u00e8gre dans les axes d\u2019action suivants\u00a0: Renforcer la diversit\u00e9 et l\u2019accessibilit\u00e9 de l\u2019entrepreneuriat aupr\u00e8s de toutes&hellip;\n","protected":false},"author":2,"featured_media":192407,"comment_status":"","ping_status":"","sticky":false,"template":"","format":"standard","meta":{"footnotes":""},"categories":[1888],"tags":[1111,1928,11,1927,1777,674,1011,27,12,1926,626,1925,25],"class_list":{"0":"post-301011","1":"post","2":"type-post","3":"status-publish","4":"format-standard","5":"has-post-thumbnail","7":"category-paris","8":"tag-actu","9":"tag-actu-paris","10":"tag-actualites","11":"tag-actualites-paris","12":"tag-eu","13":"tag-europe","14":"tag-fr","15":"tag-france","16":"tag-news","17":"tag-news-paris","18":"tag-paris","19":"tag-paris-news","20":"tag-republique-francaise"},"share_on_mastodon":{"url":"https:\/\/pubeurope.com\/@fr\/114983306788189674","error":""},"_links":{"self":[{"href":"https:\/\/www.europesays.com\/fr\/wp-json\/wp\/v2\/posts\/301011","targetHints":{"allow":["GET"]}}],"collection":[{"href":"https:\/\/www.europesays.com\/fr\/wp-json\/wp\/v2\/posts"}],"about":[{"href":"https:\/\/www.europesays.com\/fr\/wp-json\/wp\/v2\/types\/post"}],"author":[{"embeddable":true,"href":"https:\/\/www.europesays.com\/fr\/wp-json\/wp\/v2\/users\/2"}],"replies":[{"embeddable":true,"href":"https:\/\/www.europesays.com\/fr\/wp-json\/wp\/v2\/comments?post=301011"}],"version-history":[{"count":0,"href":"https:\/\/www.europesays.com\/fr\/wp-json\/wp\/v2\/posts\/301011\/revisions"}],"wp:featuredmedia":[{"embeddable":true,"href":"https:\/\/www.europesays.com\/fr\/wp-json\/wp\/v2\/media\/192407"}],"wp:attachment":[{"href":"https:\/\/www.europesays.com\/fr\/wp-json\/wp\/v2\/media?parent=301011"}],"wp:term":[{"taxonomy":"category","embeddable":true,"href":"https:\/\/www.europesays.com\/fr\/wp-json\/wp\/v2\/categories?post=301011"},{"taxonomy":"post_tag","embeddable":true,"href":"https:\/\/www.europesays.com\/fr\/wp-json\/wp\/v2\/tags?post=301011"}],"curies":[{"name":"wp","href":"https:\/\/api.w.org\/{rel}","templated":true}]}}