{"id":301012,"date":"2025-08-06T18:46:22","date_gmt":"2025-08-06T18:46:22","guid":{"rendered":"https:\/\/www.europesays.com\/fr\/301012\/"},"modified":"2025-08-06T18:46:22","modified_gmt":"2025-08-06T18:46:22","slug":"5-installations-et-expos-quon-attend-de-pied-ferme-a-la-paris-design-week-2025","status":"publish","type":"post","link":"https:\/\/www.europesays.com\/fr\/301012\/","title":{"rendered":"5 installations et expos qu\u2019on attend de pied ferme \u00e0 la Paris Design Week 2025"},"content":{"rendered":"<p>Le design fait sa rentr\u00e9e des classes. Du 4 au 13 septembre 2025, c\u2019est le retour de la Paris Design Week \u00e0 Paris. Une semaine pour fl\u00e2ner \u00e0 travers une capitale m\u00e9tamorphos\u00e9e, enrichie de centaines de propositions artistiques, entre installations, expositions et showrooms. \u00c0 un mois des festivit\u00e9s, certaines d\u2019entre elles se sont d\u00e9j\u00e0 hiss\u00e9es au sommet de notre tableau d\u2019honneur : une exp\u00e9rience immersive et labyrinthique \u00e0 l\u2019H\u00f4tel de la Marine, un ballet de miroirs dans la cour du mus\u00e9e de la Chasse et de la nature, une expo photo d\u2019anthologie au mus\u00e9e Victor Hugo\u2026 Tout \u00e7a en acc\u00e8s libre et gratuit. On vous partage notre feuille de route !\u00a0<\/p>\n<p><strong>Les cinq \u00e9v\u00e9nements \u00e0 ne pas manquer\u00a0\u00a0<\/strong><\/p>\n<p>C\u2019est un peu la marque de fabrique de l\u2019\u00e9v\u00e9nement. Pour sa 15e \u00e9dition, la Paris Design Week ne d\u00e9roge pas \u00e0 la r\u00e8gle : design et architecture d\u2019int\u00e9rieur se conjuguent aussi \u00e0 l\u2019ext\u00e9rieur. Comme chaque ann\u00e9e, les plus belles cours de mus\u00e9e de la capitale deviennent les sc\u00e8nes de folles installations entre art, design et exp\u00e9rience sensible.\u00a0<\/p>\n<p><img decoding=\"async\" id=\"26aa0e4b-ae53-d948-79d9-4ba9c5c5d84c\" class=\"photo lazy inline\" loading=\"lazy\" data-component=\"lazy-embed\" src=\"https:\/\/www.europesays.com\/fr\/wp-content\/uploads\/2025\/08\/image.webp.webp\" alt=\"Les \u00ab Spinning Mirrors \u00bb de Sophie Taillet au mus\u00e9e de la Chasse et de la Nature \" data-caption=\"\" data-credit=\"Les \u00ab Spinning Mirrors \u00bb de Sophie Taillet au mus\u00e9e de la Chasse et de la Nature \" data-width-class=\"\" data-image-id=\"106303785\"\/>&#13;<br \/>\nLes \u00ab Spinning Mirrors \u00bb de Sophie Taillet au mus\u00e9e de la Chasse et de la Nature&#13;<\/p>\n<p>Au <strong>mus\u00e9e de la Chasse et de la Nature<\/strong>, l\u2019artiste-designer fran\u00e7aise Sophie Taillet imagine un hypnotique ballet de miroirs, en faisant jouer ses \u00ab Spinning Mirror \u00bb (qui tournent comme des toupies) avec les fa\u00e7ades de l\u2019h\u00f4tel particulier. Pour ne rien g\u00e2cher, une performance dans\u00e9e viendra faire vivre l\u2019installation le dimanche 7 septembre (trois cr\u00e9neaux de 15 minutes, dans l\u2019apr\u00e8s-midi).\u00a0<\/p>\n<p><img decoding=\"async\" id=\"46202853-157f-17fb-8c4f-9bab96739593\" class=\"photo lazy inline\" loading=\"lazy\" data-component=\"lazy-embed\" src=\"https:\/\/www.europesays.com\/fr\/wp-content\/uploads\/2025\/08\/1754505980_385_image.webp.webp\" alt=\"\u00ab Int\u00e9rieurs Jour \u00bb, Jacques P\u00e9pion \" data-caption=\"\" data-credit=\"\u00ab Int\u00e9rieurs Jour \u00bb, Jacques P\u00e9pion \" data-width-class=\"\" data-image-id=\"106303783\"\/>&#13;<br \/>\n\u00ab Int\u00e9rieurs Jour \u00bb, Jacques P\u00e9pion&#13;<\/p>\n<p>Place des Vosges, dans l\u2019intimit\u00e9 de la <strong>maison-mus\u00e9e Victor Hugo<\/strong>, une exposition monographique nous fait vagabonder \u00e0 travers les clich\u00e9s du \u00ab portraitiste d\u2019int\u00e9rieur \u00bb Jacques P\u00e9pion. Une quarantaine de tirages aux formats et supports diff\u00e9rents, qui nous font p\u00e9n\u00e9trer dans des lieux d\u2019exception, de palaces en r\u00e9sidences priv\u00e9es. <\/p>\n<p>Du c\u00f4t\u00e9 de l\u2019<strong>H\u00f4tel de la Marine<\/strong>, c\u2019est un parcours en trois temps \u00e0 travers diff\u00e9rents espaces du mus\u00e9e (ext\u00e9rieurs et int\u00e9rieurs) qui a \u00e9t\u00e9 compos\u00e9 par le designer J\u00e9r\u00e9my Pradier-Jeauneau, accompagn\u00e9 d\u2019un beau panel de maisons et artistes invit\u00e9s. Un \u00ab Labyrinthe \u00bb d\u2019inspiration mythologique, con\u00e7u comme un film dans lequel le spectateur est invit\u00e9 \u00e0 se perdre, qui promet notamment de mettre en avant l\u2019artisanat d\u2019art fran\u00e7ais.\u00a0\u00a0<\/p>\n<p><img decoding=\"async\" id=\"ccd82d10-96b3-55c5-ef10-8a01d264a78a\" class=\"photo lazy inline\" loading=\"lazy\" data-component=\"lazy-embed\" src=\"https:\/\/www.europesays.com\/fr\/wp-content\/uploads\/2025\/08\/1754505982_590_image.webp.webp\" alt=\"La sculpture textile d'Aude Franjou \u00e0 l'int\u00e9rieur de la Colonne de Juillet \u00a9 Vincent Leroux \" data-caption=\"\" data-credit=\"La sculpture textile d'Aude Franjou \u00e0 l'int\u00e9rieur de la Colonne de Juillet \u00a9 Vincent Leroux \" data-width-class=\"\" data-image-id=\"106303787\"\/>&#13;<br \/>\nLa sculpture textile d&rsquo;Aude Franjou \u00e0 l&rsquo;int\u00e9rieur de la Colonne de Juillet \u00a9 Vincent Leroux&#13;<\/p>\n<p>Place de la Bastille, c\u2019est un monument mythique de la capitale qui se trouve investi pour la premi\u00e8re fois cette ann\u00e9e. <strong>La Colonne de Juillet<\/strong>, envahie de l\u2019int\u00e9rieur par l\u2019artiste textile Aude Franjou, qui y d\u00e9ploie <a href=\"https:\/\/www.timeout.fr\/paris\/actualites\/en-septembre-une-tentaculaire-oeuvre-textile-va-semparer-de-la-colonne-de-juillet-080425\" target=\"_blank\" rel=\"noopener\">une sculpture en fibre de lin<\/a> \u00e9voluant des caveaux jusqu\u2019au sommet du monument. Un r\u00e9seau de branches de coraux entrem\u00eal\u00e9es, \u00e0 d\u00e9couvrir sur r\u00e9servation uniquement.\u00a0<\/p>\n<p>Un autre nouveau lieu exploit\u00e9 cette ann\u00e9e : la <strong>Maison Atelier Ozenfant<\/strong>, premi\u00e8re r\u00e9alisation parisienne du Corbusier, dans le 14e arrondissement. Habituellement ferm\u00e9e au public, cette p\u00e9pite moderniste sera investie par le duo HYACINTHE (Alexis LG) et LEITMOTIV (Meike Kraus), du 7 au 9 septembre. Si on ne sait pas encore ce que le bin\u00f4me nous r\u00e9serve, on peut d\u00e9j\u00e0 affirmer que la simple visite des lieux vaut bien d\u2019aller s\u2019aventurer\u00a0du c\u00f4t\u00e9 de l&rsquo;avenue Reille.\u00a0<\/p>\n<p><strong>Quand ?<\/strong> Paris Design Week, du 4 au 13 septembre 2025.\u00a0<\/p>\n","protected":false},"excerpt":{"rendered":"Le design fait sa rentr\u00e9e des classes. Du 4 au 13 septembre 2025, c\u2019est le retour de la&hellip;\n","protected":false},"author":2,"featured_media":301013,"comment_status":"","ping_status":"","sticky":false,"template":"","format":"standard","meta":{"footnotes":""},"categories":[1888],"tags":[11,19909,3734,19908,1777,674,1011,27,12,626,25],"class_list":{"0":"post-301012","1":"post","2":"type-post","3":"status-publish","4":"format-standard","5":"has-post-thumbnail","7":"category-paris","8":"tag-actualites","9":"tag-actualites-art","10":"tag-art","11":"tag-categories-art","12":"tag-eu","13":"tag-europe","14":"tag-fr","15":"tag-france","16":"tag-news","17":"tag-paris","18":"tag-republique-francaise"},"share_on_mastodon":{"url":"https:\/\/pubeurope.com\/@fr\/114983310911018812","error":""},"_links":{"self":[{"href":"https:\/\/www.europesays.com\/fr\/wp-json\/wp\/v2\/posts\/301012","targetHints":{"allow":["GET"]}}],"collection":[{"href":"https:\/\/www.europesays.com\/fr\/wp-json\/wp\/v2\/posts"}],"about":[{"href":"https:\/\/www.europesays.com\/fr\/wp-json\/wp\/v2\/types\/post"}],"author":[{"embeddable":true,"href":"https:\/\/www.europesays.com\/fr\/wp-json\/wp\/v2\/users\/2"}],"replies":[{"embeddable":true,"href":"https:\/\/www.europesays.com\/fr\/wp-json\/wp\/v2\/comments?post=301012"}],"version-history":[{"count":0,"href":"https:\/\/www.europesays.com\/fr\/wp-json\/wp\/v2\/posts\/301012\/revisions"}],"wp:featuredmedia":[{"embeddable":true,"href":"https:\/\/www.europesays.com\/fr\/wp-json\/wp\/v2\/media\/301013"}],"wp:attachment":[{"href":"https:\/\/www.europesays.com\/fr\/wp-json\/wp\/v2\/media?parent=301012"}],"wp:term":[{"taxonomy":"category","embeddable":true,"href":"https:\/\/www.europesays.com\/fr\/wp-json\/wp\/v2\/categories?post=301012"},{"taxonomy":"post_tag","embeddable":true,"href":"https:\/\/www.europesays.com\/fr\/wp-json\/wp\/v2\/tags?post=301012"}],"curies":[{"name":"wp","href":"https:\/\/api.w.org\/{rel}","templated":true}]}}