{"id":301020,"date":"2025-08-06T18:50:30","date_gmt":"2025-08-06T18:50:30","guid":{"rendered":"https:\/\/www.europesays.com\/fr\/301020\/"},"modified":"2025-08-06T18:50:30","modified_gmt":"2025-08-06T18:50:30","slug":"alerte-dans-une-base-militaire-aux-etats-unis-cinq-soldats-blesses-le-tireur-arrete","status":"publish","type":"post","link":"https:\/\/www.europesays.com\/fr\/301020\/","title":{"rendered":"Alerte dans une base militaire aux \u00c9tats-Unis\u00a0: cinq soldats bless\u00e9s, le tireur arr\u00eat\u00e9"},"content":{"rendered":"<p>  \tCinq soldats ont \u00e9t\u00e9 bless\u00e9s par balles mercredi sur la base militaire de Fort Stewart, en G\u00e9orgie, apr\u00e8s qu\u2019un tireur a ouvert le feu.<\/p>\n<p>&#13;<br \/>\n&#13;<\/p>\n<p>Cinq soldats ont \u00e9t\u00e9 bless\u00e9s mercredi sur une grande base militaire du sud-est des Etats-Unis par un tireur avant qu\u2019il ne soit arr\u00eat\u00e9, ont annonc\u00e9 les autorit\u00e9s militaires, qui maintiennent un confinement partiel.<\/p>\n<p>\u00ab\u00a0Cinq soldats ont \u00e9t\u00e9 touch\u00e9s par des tirs d\u2019arme \u00e0 feu aujourd\u2019hui lors d\u2019un \u00e9v\u00e9nement impliquant un tireur\u00a0\u00bb, a \u00e9crit sur les r\u00e9seaux sociaux Fort Stewart, base de l\u2019arm\u00e9e de terre situ\u00e9e pr\u00e8s de Savannah en G\u00e9orgie, pr\u00e8s de la c\u00f4te atlantique.<\/p>\n<p>&#13;<br \/>\n&#13;<\/p>\n<p>&#13;<br \/>\n&#13;<\/p>\n<p>La police, appel\u00e9e \u00e0 10H56 locale, a interpell\u00e9 le tireur \u00e0 11H35 (15H35 GMT), pr\u00e9cise le communiqu\u00e9, ajoutant qu\u2019une partie de la base fait toujours l\u2019objet d\u2019un confinement. \u00ab\u00a0Il n\u2019y a plus de danger actif\u00a0\u00bb, pr\u00e9cise la base.<\/p>\n<p>L\u2019\u00e9tat de sant\u00e9 des cinq bless\u00e9s, soign\u00e9s sur place, n\u2019a pas \u00e9t\u00e9 pr\u00e9cis\u00e9.<\/p>\n<p>Dans une pr\u00e9c\u00e9dente alerte, les autorit\u00e9s de la base militaire appelaient les personnes \u00e0 l\u2019int\u00e9rieur \u00e0 la plus grande prudence\u00a0: \u00ab\u00a0Confinez-vous imm\u00e9diatement, restez \u00e0 l\u2019int\u00e9rieur et fermez toutes les portes et fen\u00eatres\u00a0\u00bb.<\/p>\n<p>Fort Stewart accueille environ 21.000 soldats, et quelque 10.000 personnes y r\u00e9sident, selon son site internet.<\/p>\n<p>Le gouverneur de G\u00e9orgie, Brian Kemp, s\u2019est dit sur X \u00ab\u00a0attrist\u00e9 par la trag\u00e9die d\u2019aujourd\u2019hui \u00e0 Fort Stewart\u00a0\u00bb.<\/p>\n<p>Le pr\u00e9sident Donald Trump a \u00e9t\u00e9 tenu inform\u00e9 de la situation, a fait savoir sur X sa porte-parole, Karoline Leavitt.<\/p>\n<p>Avec plus d\u2019armes \u00e0 feu en circulation que d\u2019habitants, les Etats-Unis affichent le taux de mortalit\u00e9 par arme \u00e0 feu le plus \u00e9lev\u00e9 de tous les pays d\u00e9velopp\u00e9s.<\/p>\n<p>En 2024, plus de 16.000 personnes, sans compter les suicides, ont \u00e9t\u00e9 tu\u00e9es par arme \u00e0 feu, selon l\u2019ONG Gun Violence Archive.<\/p>\n<p>&#13;<br \/>\n&#13;<\/p>\n<p>&#13;<br \/>\n&#13;<\/p>\n","protected":false},"excerpt":{"rendered":"Cinq soldats ont \u00e9t\u00e9 bless\u00e9s par balles mercredi sur la base militaire de Fort Stewart, en G\u00e9orgie, apr\u00e8s&hellip;\n","protected":false},"author":2,"featured_media":301021,"comment_status":"","ping_status":"","sticky":false,"template":"","format":"standard","meta":{"footnotes":""},"categories":[1589],"tags":[29950,11,73,1866,12,1864,1865,1863,308],"class_list":{"0":"post-301020","1":"post","2":"type-post","3":"status-publish","4":"format-standard","5":"has-post-thumbnail","7":"category-etats-unis","8":"tag-nodefield_freetags","9":"tag-actualites","10":"tag-etats-unis","11":"tag-etats-unis-damerique","12":"tag-news","13":"tag-united-states","14":"tag-united-states-of-america","15":"tag-us","16":"tag-usa"},"share_on_mastodon":{"url":"https:\/\/pubeurope.com\/@fr\/114983326586730533","error":""},"_links":{"self":[{"href":"https:\/\/www.europesays.com\/fr\/wp-json\/wp\/v2\/posts\/301020","targetHints":{"allow":["GET"]}}],"collection":[{"href":"https:\/\/www.europesays.com\/fr\/wp-json\/wp\/v2\/posts"}],"about":[{"href":"https:\/\/www.europesays.com\/fr\/wp-json\/wp\/v2\/types\/post"}],"author":[{"embeddable":true,"href":"https:\/\/www.europesays.com\/fr\/wp-json\/wp\/v2\/users\/2"}],"replies":[{"embeddable":true,"href":"https:\/\/www.europesays.com\/fr\/wp-json\/wp\/v2\/comments?post=301020"}],"version-history":[{"count":0,"href":"https:\/\/www.europesays.com\/fr\/wp-json\/wp\/v2\/posts\/301020\/revisions"}],"wp:featuredmedia":[{"embeddable":true,"href":"https:\/\/www.europesays.com\/fr\/wp-json\/wp\/v2\/media\/301021"}],"wp:attachment":[{"href":"https:\/\/www.europesays.com\/fr\/wp-json\/wp\/v2\/media?parent=301020"}],"wp:term":[{"taxonomy":"category","embeddable":true,"href":"https:\/\/www.europesays.com\/fr\/wp-json\/wp\/v2\/categories?post=301020"},{"taxonomy":"post_tag","embeddable":true,"href":"https:\/\/www.europesays.com\/fr\/wp-json\/wp\/v2\/tags?post=301020"}],"curies":[{"name":"wp","href":"https:\/\/api.w.org\/{rel}","templated":true}]}}