{"id":301028,"date":"2025-08-06T18:54:14","date_gmt":"2025-08-06T18:54:14","guid":{"rendered":"https:\/\/www.europesays.com\/fr\/301028\/"},"modified":"2025-08-06T18:54:14","modified_gmt":"2025-08-06T18:54:14","slug":"pourquoi-la-petition-contre-la-loi-duplomb-fera-date","status":"publish","type":"post","link":"https:\/\/www.europesays.com\/fr\/301028\/","title":{"rendered":"pourquoi la p\u00e9tition contre la loi Duplomb fera date"},"content":{"rendered":"<p class=\"insetTitle\">\u00ab\u00a0Une forme de r\u00e9volte contre la d\u00e9mocratie repr\u00e9sentative\u00a0\u00bb<\/p>\n<p>Le succ\u00e8s de la p\u00e9tition contre la loi Duplomb na\u00eet d\u2019un manque de l\u00e9gitimit\u00e9 du gouvernement, combin\u00e9 au caract\u00e8re sensible des questions d\u2019environnement, estime Luc Rouban, du Cevipof-Sciences Po.<\/p>\n<blockquote class=\"question\"><p>Comment interpr\u00e9ter le succ\u00e8s incroyable de cette p\u00e9tition\u00a0?<\/p><\/blockquote>\n<p>\u00ab\u00a0La premi\u00e8re explication est qu\u2019elle concerne la d\u00e9fense de l\u2019environnement, sujet devenu hautement sensible. Il y a une forte attente de l\u2019opinion pour des mesures de protection, d\u2019autant qu\u2019on parle l\u00e0 de produits phytosanitaires pouvant avoir un impact direct sur la sant\u00e9 humaine. Le sentiment d\u2019un abandon de la d\u00e9fense de l\u2018\u00e9cologie par le gouvernement provoque une r\u00e9action politique. Mais il y a aussi une forme de r\u00e9volte contre la d\u00e9mocratie repr\u00e9sentative. Le gouvernement est consid\u00e9r\u00e9 comme l\u00e9gitime par environ un tiers de l\u2019\u00e9lectorat, avec un niveau de confiance tr\u00e8s bas. Nous sommes en fait toujours dans les retomb\u00e9es de la crise des gilets jaunes\u00a0: une volont\u00e9 de d\u00e9mocratie directe, de court-circuiter les professionnels de la politique pour d\u00e9fendre des convictions.\u00a0\u00bb<\/p>\n<p>\u00ab La vie politique \u00e0 l\u2019ancienne est morte\u00a0\u00bb<\/p>\n<blockquote class=\"question\"><p>Les syndicats ont \u00e9galement lanc\u00e9 une p\u00e9tition, cette fois contre les propositions budg\u00e9taires de Fran\u00e7ois Bayrou\u2026<\/p><\/blockquote>\n<p>\u00ab\u00a0Parce que les <a href=\"https:\/\/www.ledauphine.com\/social\/2025\/07\/22\/budget-2026-les-syndicats-lancent-une-petition-contre-les-mesures-brutales-de-francois-bayrou\" target=\"_blank\" rel=\"nofollow noopener\">syndicats voient bien que la situation politique est bloqu\u00e9e<\/a>. Toute une partie de l\u2019opinion pense que la gauche avait gagn\u00e9 les \u00e9lections l\u00e9gislatives en 2024, et se sent trahie. Elle veut protester contre ce qu\u2019elle estime \u00eatre une forme de d\u00e9ni de d\u00e9mocratie\u00a0: des \u00e9conomies budg\u00e9taires sur les services publics, sur la sant\u00e9, sans toucher \u00e0 la fiscalit\u00e9. Et \u00e7a, c\u2019est aussi li\u00e9 \u00e0 la faiblesse de la gauche, devenue presque inaudible sur les questions \u00e9conomiques et sociales. Cela pousse les syndicats \u00e0 intervenir pour reprendre la main sur ces sujets.\u00a0\u00bb<\/p>\n<blockquote class=\"question\"><p>Faut-il redonner la parole au peuple par des \u00e9lections l\u00e9gislatives, une pr\u00e9sidentielle ou un r\u00e9f\u00e9rendum\u00a0?<\/p><\/blockquote>\n<p>\u00ab\u00a0C\u2019est une question complexe, car nous sommes en fait dans une impasse. La d\u00e9mocratie directe s\u2019applique bien \u00e0 des projets pr\u00e9cis, locaux, mais pas \u00e0 l\u2019environnement qui m\u00eale des questions scientifiques, technologiques, socio-professionnelles. Apr\u00e8s, il est vrai que tout le monde attend ce retour au peuple. On s\u2019imagine qu\u2019en 2027, on va tourner la page et la situation deviendra claire, avec un retour \u00e0 la vie politique \u00e0 l\u2019ancienne. Mais la vie politique \u00e0 l\u2019ancienne est morte, et une \u00e9lection pr\u00e9sidentielle n\u2019y changera pas grand-chose. Je constate dans l\u2019opinion une forme de mise \u00e0 distance de tous ces jeux \u00e9lectoraux\u00a0: le centre de gravit\u00e9 des citoyens n\u2019est plus la vie politique, c\u2019est la sph\u00e8re priv\u00e9e. Alors on peut r\u00e9articuler des choses au niveau local, mais au niveau national, \u00e7a me para\u00eet de plus en plus compliqu\u00e9. Nous surestimons la puissance de l\u2018\u00e9lection comme moyen de trancher, de r\u00e9tablir la concorde sociale et politique en France.\u00a0\u00bb<\/p>\n<p class=\"note\">\u00c0 lire\u00a0: Les raisons de la d\u00e9fiance, de Luc Rouban (Presses de Sciences Po).<\/p>\n<p class=\"insetSignature\">Propos recueillis par Francis Brochet<\/p>\n","protected":false},"excerpt":{"rendered":"\u00ab\u00a0Une forme de r\u00e9volte contre la d\u00e9mocratie repr\u00e9sentative\u00a0\u00bb Le succ\u00e8s de la p\u00e9tition contre la loi Duplomb na\u00eet&hellip;\n","protected":false},"author":2,"featured_media":301029,"comment_status":"","ping_status":"","sticky":false,"template":"","format":"standard","meta":{"footnotes":""},"categories":[1586],"tags":[11,327,33,1777,674,1779,107,1011,27,329,12,316,25,104,1778,364],"class_list":{"0":"post-301028","1":"post","2":"type-post","3":"status-publish","4":"format-standard","5":"has-post-thumbnail","7":"category-europe","8":"tag-actualites","9":"tag-agriculture","10":"tag-economie","11":"tag-eu","12":"tag-europe","13":"tag-european-union","14":"tag-fil-info","15":"tag-fr","16":"tag-france","17":"tag-france-monde","18":"tag-news","19":"tag-politique","20":"tag-republique-francaise","21":"tag-societe","22":"tag-ue","23":"tag-union-europeenne"},"share_on_mastodon":{"url":"https:\/\/pubeurope.com\/@fr\/114983342170093933","error":""},"_links":{"self":[{"href":"https:\/\/www.europesays.com\/fr\/wp-json\/wp\/v2\/posts\/301028","targetHints":{"allow":["GET"]}}],"collection":[{"href":"https:\/\/www.europesays.com\/fr\/wp-json\/wp\/v2\/posts"}],"about":[{"href":"https:\/\/www.europesays.com\/fr\/wp-json\/wp\/v2\/types\/post"}],"author":[{"embeddable":true,"href":"https:\/\/www.europesays.com\/fr\/wp-json\/wp\/v2\/users\/2"}],"replies":[{"embeddable":true,"href":"https:\/\/www.europesays.com\/fr\/wp-json\/wp\/v2\/comments?post=301028"}],"version-history":[{"count":0,"href":"https:\/\/www.europesays.com\/fr\/wp-json\/wp\/v2\/posts\/301028\/revisions"}],"wp:featuredmedia":[{"embeddable":true,"href":"https:\/\/www.europesays.com\/fr\/wp-json\/wp\/v2\/media\/301029"}],"wp:attachment":[{"href":"https:\/\/www.europesays.com\/fr\/wp-json\/wp\/v2\/media?parent=301028"}],"wp:term":[{"taxonomy":"category","embeddable":true,"href":"https:\/\/www.europesays.com\/fr\/wp-json\/wp\/v2\/categories?post=301028"},{"taxonomy":"post_tag","embeddable":true,"href":"https:\/\/www.europesays.com\/fr\/wp-json\/wp\/v2\/tags?post=301028"}],"curies":[{"name":"wp","href":"https:\/\/api.w.org\/{rel}","templated":true}]}}