{"id":301038,"date":"2025-08-06T19:01:11","date_gmt":"2025-08-06T19:01:11","guid":{"rendered":"https:\/\/www.europesays.com\/fr\/301038\/"},"modified":"2025-08-06T19:01:11","modified_gmt":"2025-08-06T19:01:11","slug":"un-tournoi-de-tennis-joue-sur-une-plage-a-maree-basse","status":"publish","type":"post","link":"https:\/\/www.europesays.com\/fr\/301038\/","title":{"rendered":"Un tournoi de tennis jou\u00e9 sur une plage \u00e0 mar\u00e9e basse"},"content":{"rendered":"<p class=\"date\">\n                                                            Mathieu Warnier, Media365 : publi\u00e9 le mercredi 06 ao\u00fbt 2025 \u00e0 17h15\n                                                    <\/p>\n<p>Mis en lumi\u00e8re par la participation de Beno\u00eet Paire et Richard Gasquet cette ann\u00e9e, le tournoi de tennis de Luanco est unique car il se dispute sur sable et \u00e0 un moment tr\u00e8s sp\u00e9cifique de la journ\u00e9e.<\/p>\n<p>C&rsquo;est une exp\u00e9rience que <a href=\"https:\/\/sports.orange.fr\/tennis\/article\/paire-de-retour-sur-sable-avec-gasquet-exclu-CNT000002jBwHb.html\" rel=\"nofollow noopener\" target=\"_blank\">Beno\u00eet Paire et Richard Gasquet ont d\u00e9cid\u00e9 de vivre au moins une fois<\/a>. Organis\u00e9 cette semaine pour la 38eme fois, le tournoi de tennis \u00ab\u00a0Playa Luanco\u00a0\u00bb est unique au monde. Comme l&rsquo;indique son nom, il se dispute sur une plage situ\u00e9e dans la localit\u00e9 de Gozon, au nord de l&rsquo;Espagne et&#8230; directement sur la plage. Sur les r\u00e9seaux sociaux, les organisateurs affirment qu&rsquo;il s&rsquo;agit du \u00ab\u00a0seul tournoi o\u00f9 la mer d\u00e9cide du timing\u00a0\u00bb et cette affirmation s&rsquo;av\u00e8re vraie. En effet, les joueurs ne peuvent p\u00e9n\u00e9trer sur le court qu&rsquo;\u00e0 mar\u00e9e basse. Le reste du temps, la mer s&rsquo;engouffre sous les tribunes et recouvre int\u00e9gralement la surface de jeu. Toutefois, afin de maximiser le temps disponible pour disputer les rencontres, un \u00e9clairage artificiel a \u00e9t\u00e9 install\u00e9 afin de jouer \u00e0 la nuit tomb\u00e9e. En cons\u00e9quence, \u00e0 chaque fois que l&rsquo;eau de mer se retire, les officiels doivent remettre en \u00e9tat la surface de jeu, tracer \u00e0 nouveau les lignes afin que le public puisse assister \u00e0 des rencontres entre des joueurs locaux mais \u00e9galement d&rsquo;anciennes gloires du tennis international.<\/p>\n<p>Paire sorti d&rsquo;entr\u00e9e, Gasquet en demi-finales<\/p>\n<p>N\u00e9 en 1971 avec Jos\u00e9 Fernandez Badalla comme premier champion mais absent du calendrier entre 1986 et 1994 puis entre 2014 et 2021, le tournoi \u00ab\u00a0Playa Luanco\u00a0\u00bb a vu des joueurs tels F\u00e9lix Mantilla, Alex Corretja, Juan Carlos Ferrero ou Fernando Verdasco ajouter leur nom au palmar\u00e8s. L&rsquo;an pass\u00e9, Diego Schwartzman avait su prendre le meilleur sur Pedro Cachin pour remporter le troph\u00e9e. Cette ann\u00e9e, les t\u00eates d&rsquo;affiche sont donc fran\u00e7aises avec Beno\u00eet Paire qui n&rsquo;a toutefois pas pass\u00e9 le premier tour. Le natif d&rsquo;Avignon, <a href=\"https:\/\/sports.orange.fr\/tennis\/roland-garros\/les-bleus\/article\/roland-garros-paire-sera-consultant-CNT000002i8Z39.html\" rel=\"nofollow noopener\" target=\"_blank\">qui a \u00e9t\u00e9 consultant pour France T\u00e9l\u00e9visions sur le dernier Roland-Garros<\/a> et a r\u00e9cemment confi\u00e9 sa passion pour le football, s&rsquo;est inclin\u00e9 d\u00e8s son entr\u00e9e en lice face \u00e0 l&rsquo;Espagnol Miguel Avenda\u00f1o (7-5, 6-4). Richard Gasquet, quant \u00e0 lui, est attendu sur le court ce mercredi pour une demi-finale face au Lituanien Edas Butvilas. L&rsquo;autre place en finale se jouera entre l&rsquo;ancien num\u00e9ro 3 mondial Dominic Thiem et Bernab\u00e9 Zapata Miralles, actuel 397eme au classement ATP. Un titre qui se jouera ce jeudi en soir\u00e9e lors d&rsquo;une rencontre en trois manches, avec un super tiebreak \u00e0 la place du troisi\u00e8me set.<\/p>\n","protected":false},"excerpt":{"rendered":"Mathieu Warnier, Media365 : publi\u00e9 le mercredi 06 ao\u00fbt 2025 \u00e0 17h15 Mis en lumi\u00e8re par la participation&hellip;\n","protected":false},"author":2,"featured_media":301039,"comment_status":"","ping_status":"","sticky":false,"template":"","format":"standard","meta":{"footnotes":""},"categories":[1415],"tags":[1011,27,60,1467],"class_list":{"0":"post-301038","1":"post","2":"type-post","3":"status-publish","4":"format-standard","5":"has-post-thumbnail","7":"category-tennis","8":"tag-fr","9":"tag-france","10":"tag-sports","11":"tag-tennis"},"share_on_mastodon":{"url":"https:\/\/pubeurope.com\/@fr\/114983369609476731","error":""},"_links":{"self":[{"href":"https:\/\/www.europesays.com\/fr\/wp-json\/wp\/v2\/posts\/301038","targetHints":{"allow":["GET"]}}],"collection":[{"href":"https:\/\/www.europesays.com\/fr\/wp-json\/wp\/v2\/posts"}],"about":[{"href":"https:\/\/www.europesays.com\/fr\/wp-json\/wp\/v2\/types\/post"}],"author":[{"embeddable":true,"href":"https:\/\/www.europesays.com\/fr\/wp-json\/wp\/v2\/users\/2"}],"replies":[{"embeddable":true,"href":"https:\/\/www.europesays.com\/fr\/wp-json\/wp\/v2\/comments?post=301038"}],"version-history":[{"count":0,"href":"https:\/\/www.europesays.com\/fr\/wp-json\/wp\/v2\/posts\/301038\/revisions"}],"wp:featuredmedia":[{"embeddable":true,"href":"https:\/\/www.europesays.com\/fr\/wp-json\/wp\/v2\/media\/301039"}],"wp:attachment":[{"href":"https:\/\/www.europesays.com\/fr\/wp-json\/wp\/v2\/media?parent=301038"}],"wp:term":[{"taxonomy":"category","embeddable":true,"href":"https:\/\/www.europesays.com\/fr\/wp-json\/wp\/v2\/categories?post=301038"},{"taxonomy":"post_tag","embeddable":true,"href":"https:\/\/www.europesays.com\/fr\/wp-json\/wp\/v2\/tags?post=301038"}],"curies":[{"name":"wp","href":"https:\/\/api.w.org\/{rel}","templated":true}]}}