{"id":301050,"date":"2025-08-06T19:08:10","date_gmt":"2025-08-06T19:08:10","guid":{"rendered":"https:\/\/www.europesays.com\/fr\/301050\/"},"modified":"2025-08-06T19:08:10","modified_gmt":"2025-08-06T19:08:10","slug":"degradations-sur-des-sculptures-dorlinski-a-saint-raphael-ce-que-revele-la-videosurveillance","status":"publish","type":"post","link":"https:\/\/www.europesays.com\/fr\/301050\/","title":{"rendered":"D\u00e9gradations sur des sculptures d\u2019Orlinski \u00e0 Saint-Rapha\u00ebl: ce que r\u00e9v\u00e8le la vid\u00e9osurveillance"},"content":{"rendered":"<p>Le 8 juillet 2025, Richard Orlinski (l\u2019un des artistes contemporains fran\u00e7ais les plus en vue) \u00e9tait pr\u00e9sent \u00e0 Saint-Rapha\u00ebl pour <a href=\"https:\/\/www.varmatin.com\/expos\/le-bestiaire-d-orlinski-s-installe-dans-les-rues-de-saint-raphael-pour-l-ete-993720\" target=\"_blank\" rel=\"noopener nofollow\">l\u2019inauguration de l\u2019exposition qui lui est consacr\u00e9e<\/a> par la commune. Jusqu\u2019au 21 septembre, plusieurs \u0153uvres de son iconique bestiaire sont expos\u00e9es sur la voie publique, en divers endroits du centre-ville.<\/p>\n<p>Une exposition qui ne laisse personne indiff\u00e9rent, \u00e0 l\u2019image de l\u2019art d\u2019Orlinski (simpliste pour certains et puissant pour d\u2019autres). Lors de l\u2019inauguration, le sujet des d\u00e9gradations relev\u00e9es une dizaine de jours plus t\u00f4t sur deux \u0153uvres n\u2019avait pas \u00e9t\u00e9 particuli\u00e8rement comment\u00e9.<\/p>\n<p>Pourtant, le requin jaune du Veillat avait re\u00e7u des impacts et l\u2019\u00e9l\u00e9phant du vieux port avait eu une d\u00e9fense cass\u00e9e (la sculpture a \u00e9t\u00e9 retir\u00e9e, depuis).<\/p>\n<p><strong>Les images des cam\u00e9ras exploit\u00e9es<\/strong><\/p>\n<p>\u00ab\u00a0Deux de ces sculptures ont \u00e9t\u00e9 endommag\u00e9es par des individus irresponsables, pouvait-on lire sur la page Facebook de la commune, d\u00e8s le 27 juin. Un acte inadmissible, qui s\u2019attaque non seulement \u00e0 des \u0153uvres d\u2019art, mais aussi \u00e0 une initiative culturelle forte port\u00e9e par la Ville\u00a0\u00bb.<\/p>\n<p>La municipalit\u00e9 pr\u00e9cisait que \u00ab\u00a0toutes les \u0153uvres sont sous vid\u00e9osurveillance permanente\u00a0\u00bb. Selon une source contact\u00e9e par Var-matin au sein de la Police Nationale (charg\u00e9e de l\u2019enqu\u00eate), l\u2019exploitation des images semble accr\u00e9diter la th\u00e8se de d\u00e9gradations involontaires.<\/p>\n<p>Si personne n\u2019a \u00e9t\u00e9 identifi\u00e9, \u00ab\u00a0la qualit\u00e9 du plastique utilis\u00e9e semble en partie en cause\u00a0\u00bb, selon cette m\u00eame source polici\u00e8re.\u00a0<\/p>\n","protected":false},"excerpt":{"rendered":"Le 8 juillet 2025, Richard Orlinski (l\u2019un des artistes contemporains fran\u00e7ais les plus en vue) \u00e9tait pr\u00e9sent \u00e0&hellip;\n","protected":false},"author":2,"featured_media":301051,"comment_status":"","ping_status":"","sticky":false,"template":"","format":"standard","meta":{"footnotes":""},"categories":[1358],"tags":[1348,1384,1385,8981,251,1386,58,59,1011,27,3366],"class_list":{"0":"post-301050","1":"post","2":"type-post","3":"status-publish","4":"format-standard","5":"has-post-thumbnail","7":"category-arts-et-design","8":"tag-arts","9":"tag-arts-and-design","10":"tag-arts-et-design","11":"tag-arts-plastiques","12":"tag-culture","13":"tag-design","14":"tag-divertissement","15":"tag-entertainment","16":"tag-fr","17":"tag-france","18":"tag-vie-locale"},"share_on_mastodon":{"url":"https:\/\/pubeurope.com\/@fr\/114983397503406751","error":""},"_links":{"self":[{"href":"https:\/\/www.europesays.com\/fr\/wp-json\/wp\/v2\/posts\/301050","targetHints":{"allow":["GET"]}}],"collection":[{"href":"https:\/\/www.europesays.com\/fr\/wp-json\/wp\/v2\/posts"}],"about":[{"href":"https:\/\/www.europesays.com\/fr\/wp-json\/wp\/v2\/types\/post"}],"author":[{"embeddable":true,"href":"https:\/\/www.europesays.com\/fr\/wp-json\/wp\/v2\/users\/2"}],"replies":[{"embeddable":true,"href":"https:\/\/www.europesays.com\/fr\/wp-json\/wp\/v2\/comments?post=301050"}],"version-history":[{"count":0,"href":"https:\/\/www.europesays.com\/fr\/wp-json\/wp\/v2\/posts\/301050\/revisions"}],"wp:featuredmedia":[{"embeddable":true,"href":"https:\/\/www.europesays.com\/fr\/wp-json\/wp\/v2\/media\/301051"}],"wp:attachment":[{"href":"https:\/\/www.europesays.com\/fr\/wp-json\/wp\/v2\/media?parent=301050"}],"wp:term":[{"taxonomy":"category","embeddable":true,"href":"https:\/\/www.europesays.com\/fr\/wp-json\/wp\/v2\/categories?post=301050"},{"taxonomy":"post_tag","embeddable":true,"href":"https:\/\/www.europesays.com\/fr\/wp-json\/wp\/v2\/tags?post=301050"}],"curies":[{"name":"wp","href":"https:\/\/api.w.org\/{rel}","templated":true}]}}