{"id":301052,"date":"2025-08-06T19:09:27","date_gmt":"2025-08-06T19:09:27","guid":{"rendered":"https:\/\/www.europesays.com\/fr\/301052\/"},"modified":"2025-08-06T19:09:27","modified_gmt":"2025-08-06T19:09:27","slug":"les-audio-livres-harry-potter-avec-plus-200-voix-confirmes","status":"publish","type":"post","link":"https:\/\/www.europesays.com\/fr\/301052\/","title":{"rendered":"Les audio livres Harry Potter avec plus 200 voix confirm\u00e9s !"},"content":{"rendered":"<p>En avril 2024, Audible et Pottermore Publishing <a href=\"https:\/\/www.gazette-du-sorcier.com\/biographies-de-harry-potter\/autour-des-livres\/100-acteurs-pour-les-audiolivres-anglais-de-harry-potter\" target=\"_blank\" rel=\"noreferrer noopener nofollow\">annon\u00e7aient une toute nouvelle collection de livres audio<\/a> en anglais consacr\u00e9e \u00e0 Harry Potter avec un casting complet de plus de 100 interpr\u00e8tes. Apr\u00e8s plus d\u2019un an d\u2019attente, les premiers titres ont enfin une date de sortie pr\u00e9vue pour d\u00e9but novembre. Une partie du casting a \u00e9t\u00e9 d\u00e9voil\u00e9e, et certains noms vous seront sans doute familiers.<\/p>\n<p>Un casting XXL<\/p>\n<p>Parmi les acteurs annonc\u00e9s, on d\u00e9couvre en effet <a href=\"https:\/\/www.gazette-du-sorcier.com\/serie-harry-potter\/serie-harry-potter-le-golden-trio-annonce\" target=\"_blank\" rel=\"noreferrer noopener nofollow\"><strong>Arabella Stanton dans le r\u00f4le de Hermione Granger<\/strong>, un personnage qu\u2019elle incarnera \u00e9galement dans la future s\u00e9rie HBO<\/a>, actuellement en tournage. Elle est la seule com\u00e9dienne, \u00e0 date, \u00e0 participer aux deux projets. Son travail sur les livres audio a potentiellement attir\u00e9 l\u2019attention des r\u00e9alisateurs de la s\u00e9rie et jou\u00e9 en sa faveur. <\/p>\n<p>\u00c0 noter qu\u2019elle n\u2019incarnera cependant pas Hermione sur l\u2019ensemble de ce projet audio. En effet, les voix du trio principal changeront en cours de saga : un trio pour les tomes 1 \u00e0 3, un autre pour les tomes 4 \u00e0 7. Voici les com\u00e9diens qui pr\u00eateront leur voix aux trois personnages principaux : <\/p>\n<ul>\n<li><strong>Hermione Granger<\/strong> : Arabella Stanton (tomes 1 \u00e0 3) \/ Nina Barket-Francis (tomes 4 \u00e0 7)<\/li>\n<li><strong>Ron Weasley<\/strong> : Max Lester (tomes 1 \u00e0 3) \/ Rhys Mulligan (tomes 4 \u00e0 7)<\/li>\n<li><strong>Harry Potter<\/strong> : Frankie Treadaway (tomes 1 \u00e0 3) \/ Jaxon Knopf (tomes 4 \u00e0 7)<\/li>\n<\/ul>\n<p>Du c\u00f4t\u00e9 des autres interpr\u00e8tes, le casting est plus qu\u2019impressionnant :<\/p>\n<ul>\n<li>Hugh Laurie, bien connu pour son r\u00f4le dans Dr House, pr\u00eatera sa voix \u00e0 Albus Dumbledore. <\/li>\n<li>Matthew Macfadyen (Orgueil et Pr\u00e9jug\u00e9s) incarnera Voldemort<\/li>\n<li>Michelle Gomez (Doctor Who, the Master) interpr\u00e9tera le professeur McGonagall.<\/li>\n<li>La narration sera quant \u00e0 elle confi\u00e9e \u00e0 Cush Jumbo, actrice britannique remarqu\u00e9e dans la s\u00e9rie The Good Wife.<\/li>\n<\/ul>\n<p>Ces com\u00e9diens de talent devraient sublimer ces personnages embl\u00e9matiques.<\/p>\n<p><img loading=\"lazy\" decoding=\"async\" width=\"878\" height=\"875\" src=\"https:\/\/www.europesays.com\/fr\/wp-content\/uploads\/2025\/08\/HP_AUDIO_BOOKS_CASTING.png\" alt=\"\" class=\"wp-image-78717\"  \/><\/p>\n<p>Un casting choral in\u00e9dit<\/p>\n<p><strong>Le premier livre audio sortira le 4 novembre prochain, et le dernier est pr\u00e9vu pour le 12 mai 2026<\/strong>. Les autres titres seront publi\u00e9s progressivement entre ces deux dates. <\/p>\n<ul>\n<li>Harry Potter and the Philosopher\u2019s\/Sorcerer\u2019s Stone : 4 novembre 2025 ;<\/li>\n<li>Harry Potter and the Chamber of Secrets : 16 d\u00e9cembre 2025 ; <\/li>\n<li>Harry Potter and the Prisoner of Azkaban : 13 navier 2026 ; <\/li>\n<li>Harry Potter and the Goblet of Fire : 10 f\u00e9vrier 2026 ; <\/li>\n<li>Harry Potter and the Order of the Phoenix : 10 mars 2026;  <\/li>\n<li>Harry Potter and the Half-Blood Prince : 14 avril 2026 ;<\/li>\n<li>Harry Potter and the Deathly Hallows : 12 mai 2026.<\/li>\n<\/ul>\n<p>M\u00eame si seuls une dizaine d\u2019interpr\u00e8tes ont \u00e9t\u00e9 r\u00e9v\u00e9l\u00e9s pour le moment, ce sont pr\u00e8s de 200 personnages qui auront droit \u00e0 une incarnation audio unique et in\u00e9dite et qui seront annonc\u00e9s au fil des mois. Les enregistrements sont aussi accompagn\u00e9s d\u2019une bande-son musicale in\u00e9dite et de bruitages.<\/p>\n<p>Ce n\u2019est pas la premi\u00e8re fois que la saga se r\u00e9invente au format audio. En 2022, <a href=\"https:\/\/www.gazette-du-sorcier.com\/biographies-de-harry-potter\/autour-des-livres\/livres-audio-harry-potter-en-chine-une-premiere-historique\" target=\"_blank\" rel=\"noreferrer noopener nofollow\">une version chinoise<\/a> avait d\u00e9j\u00e0 propos\u00e9 une nouvelle lecture des aventures de Harry Potter, port\u00e9e par trois com\u00e9diens seulement. Une initiative salu\u00e9e \u00e0 l\u2019\u00e9poque, mais qui reste bien plus modeste que le projet anglophone d\u2019Audible et Pottermore, avec ses plus de 200 voix.<\/p>\n<p>Il s\u2019agit d\u2019une premi\u00e8re mondial pour un audiolivre et, m\u00eame si le projet avec la voix de Stephen Fry est de tr\u00e8s bonne facture, le fait d\u2019avoir plusieurs voix va rajouter un cachet non-n\u00e9gligeable \u00e0 l\u2019exp\u00e9rience la rendant plus immersive. Les fans pourront \u00e9galement se faire une id\u00e9e des talents d\u2019interpr\u00e9tation d\u2019Arabella Stanton en avant-premi\u00e8re de quoi patienter avant l\u2019arriv\u00e9e de <a href=\"https:\/\/www.gazette-du-sorcier.com\/categories\/serie-harry-potter\" target=\"_blank\" rel=\"noreferrer noopener nofollow\">la s\u00e9rie<\/a>.<\/p>\n<\/p>\n<p><strong>Aucun projet \u00e9quivalent n\u2019a \u00e9t\u00e9 annonc\u00e9 pour <a href=\"https:\/\/www.gazette-du-sorcier.com\/biographies-de-harry-potter\/les-livres-audio-harry-potter-debarquent-en-francais-sur-audible\" target=\"_blank\" rel=\"noreferrer noopener nofollow\">les livres audios fran\u00e7ais<\/a><\/strong>, qui ont perdu r\u00e9cemment leur deuxi\u00e8me interpr\u00e8te. Dominique Collignon-Maurin, qui avait succ\u00e9d\u00e9 \u00e0 Bernard Giraudeau pour la lecture des trois derniers audiolivres de la saga Harry Potter, <a href=\"https:\/\/www.instagram.com\/p\/DM-rMDuIjbs\/?hl=fr\" target=\"_blank\" rel=\"noreferrer noopener nofollow\">s\u2019est en effet \u00e9teint d\u00e9but ao\u00fbt 2025 \u00e0 l\u2019\u00e2ge de 76 ans<\/a>. <\/p>\n<p><strong>Sources <\/strong>: <a href=\"https:\/\/www.harrypotter.com\/news\/cast-revealed-for-new-harry-potter-audiobook-series\" target=\"_blank\" rel=\"noreferrer noopener nofollow\">harrypotter.com<\/a><\/p>\n<p><a href=\"https:\/\/www.europesays.com\/fr\/wp-content\/uploads\/2025\/08\/AUDxHP_Hugh_Laurie_as_Albus_Dumbledore.jpg\"><img decoding=\"async\" loading=\"lazy\" width=\"1001\" height=\"701\" data-id=\"78738\" src=\"https:\/\/www.europesays.com\/fr\/wp-content\/uploads\/2025\/08\/AUDxHP_Hugh_Laurie_as_Albus_Dumbledore.jpg\" alt=\"\" class=\"wp-image-78738\"  \/><\/a><\/p>\n<p><a href=\"https:\/\/www.europesays.com\/fr\/wp-content\/uploads\/2025\/08\/AUDxHP_Matthew_Macfadyen_as_Lord_Voldemort.jpg\"><img decoding=\"async\" loading=\"lazy\" width=\"1001\" height=\"701\" data-id=\"78739\" src=\"https:\/\/www.europesays.com\/fr\/wp-content\/uploads\/2025\/08\/AUDxHP_Matthew_Macfadyen_as_Lord_Voldemort.jpg\" alt=\"\" class=\"wp-image-78739\"  \/><\/a><\/p>\n<p><a href=\"https:\/\/www.europesays.com\/fr\/wp-content\/uploads\/2025\/08\/AUDxHP_Riz_Ahmed_as_Professor_Snape.jpg\"><img decoding=\"async\" loading=\"lazy\" width=\"1001\" height=\"701\" data-id=\"78740\" src=\"https:\/\/www.europesays.com\/fr\/wp-content\/uploads\/2025\/08\/AUDxHP_Riz_Ahmed_as_Professor_Snape.jpg\" alt=\"\" class=\"wp-image-78740\"  \/><\/a><\/p>\n<p><a href=\"https:\/\/www.europesays.com\/fr\/wp-content\/uploads\/2025\/08\/AUDxHP_CushJumbo_Narrator.jpg\"><img decoding=\"async\" loading=\"lazy\" width=\"1001\" height=\"701\" data-id=\"78742\" src=\"https:\/\/www.europesays.com\/fr\/wp-content\/uploads\/2025\/08\/AUDxHP_CushJumbo_Narrator.jpg\" alt=\"\" class=\"wp-image-78742\"  \/><\/a><\/p>\n<p><a href=\"https:\/\/www.europesays.com\/fr\/wp-content\/uploads\/2025\/08\/AUDxHP_Michelle_Gomez_as_Professor_McGonagall.jpg\"><img decoding=\"async\" loading=\"lazy\" width=\"1001\" height=\"700\" data-id=\"78741\" src=\"https:\/\/www.europesays.com\/fr\/wp-content\/uploads\/2025\/08\/AUDxHP_Michelle_Gomez_as_Professor_McGonagall.jpg\" alt=\"\" class=\"wp-image-78741\"  \/><\/a><\/p>\n<p><a href=\"https:\/\/www.gazette-du-sorcier.com\/wp-content\/uploads\/2025\/08\/Harry_Ron_Hermione_Trio_Frankie_Treadway_Max_Lester_Arabella_Stanton__1__1.png\" rel=\"nofollow noopener\" target=\"_blank\"><img decoding=\"async\" loading=\"lazy\" width=\"1024\" height=\"698\" data-id=\"78750\" src=\"https:\/\/www.europesays.com\/fr\/wp-content\/uploads\/2025\/08\/Harry_Ron_Hermione_Trio_Frankie_Treadway_Max_Lester_Arabella_Stanton__1__1-1024x698.png\" alt=\"\" class=\"wp-image-78750\"  \/><\/a><\/p>\n<p><a href=\"https:\/\/www.europesays.com\/fr\/wp-content\/uploads\/2025\/08\/AUDxHP_Frankie_Treadaway_as_Harry_Potter_Books1-3.jpg\"><img decoding=\"async\" loading=\"lazy\" width=\"1001\" height=\"700\" data-id=\"78743\" src=\"https:\/\/www.europesays.com\/fr\/wp-content\/uploads\/2025\/08\/AUDxHP_Frankie_Treadaway_as_Harry_Potter_Books1-3.jpg\" alt=\"\" class=\"wp-image-78743\"  \/><\/a><\/p>\n<p><a href=\"https:\/\/www.europesays.com\/fr\/wp-content\/uploads\/2025\/08\/AUDxHP_Max_Lester_as_Ron_Weasley_Books1-3.jpg\"><img decoding=\"async\" loading=\"lazy\" width=\"1001\" height=\"700\" data-id=\"78744\" src=\"https:\/\/www.europesays.com\/fr\/wp-content\/uploads\/2025\/08\/AUDxHP_Max_Lester_as_Ron_Weasley_Books1-3.jpg\" alt=\"\" class=\"wp-image-78744\"  \/><\/a><\/p>\n<p><a href=\"https:\/\/www.europesays.com\/fr\/wp-content\/uploads\/2025\/08\/AUDxHP_Arabella_Stanton_as_Hermione_Granger_Books1-3.jpg\"><img decoding=\"async\" loading=\"lazy\" width=\"1001\" height=\"700\" data-id=\"78745\" src=\"https:\/\/www.europesays.com\/fr\/wp-content\/uploads\/2025\/08\/AUDxHP_Arabella_Stanton_as_Hermione_Granger_Books1-3.jpg\" alt=\"\" class=\"wp-image-78745\"  \/><\/a><\/p>\n<p><a href=\"https:\/\/www.europesays.com\/fr\/wp-content\/uploads\/2025\/08\/AUDxHP_Jaxon_Knopf_as_Harry_Potter_Books4-7.jpg\"><img decoding=\"async\" loading=\"lazy\" width=\"1001\" height=\"700\" data-id=\"78748\" src=\"https:\/\/www.europesays.com\/fr\/wp-content\/uploads\/2025\/08\/AUDxHP_Jaxon_Knopf_as_Harry_Potter_Books4-7.jpg\" alt=\"\" class=\"wp-image-78748\"  \/><\/a><\/p>\n<p><a href=\"https:\/\/www.europesays.com\/fr\/wp-content\/uploads\/2025\/08\/AUDxHP_Rhys_Mulligan_as_Ron_Weasley_Books4-7.jpg\"><img decoding=\"async\" loading=\"lazy\" width=\"1001\" height=\"700\" data-id=\"78747\" src=\"https:\/\/www.europesays.com\/fr\/wp-content\/uploads\/2025\/08\/AUDxHP_Rhys_Mulligan_as_Ron_Weasley_Books4-7.jpg\" alt=\"\" class=\"wp-image-78747\"  \/><\/a><\/p>\n<p><a href=\"https:\/\/www.europesays.com\/fr\/wp-content\/uploads\/2025\/08\/AUDxHP_Nina_Barker-Francis_as_Hermione_Granger_Books4-7.jpg\"><img decoding=\"async\" loading=\"lazy\" width=\"1001\" height=\"700\" data-id=\"78746\" src=\"https:\/\/www.europesays.com\/fr\/wp-content\/uploads\/2025\/08\/AUDxHP_Nina_Barker-Francis_as_Hermione_Granger_Books4-7.jpg\" alt=\"\" class=\"wp-image-78746\"  \/><\/a><\/p>\n<p>                    <script async src=\"\/\/www.instagram.com\/embed.js\"><\/script><\/p>\n","protected":false},"excerpt":{"rendered":"En avril 2024, Audible et Pottermore Publishing annon\u00e7aient une toute nouvelle collection de livres audio en anglais consacr\u00e9e&hellip;\n","protected":false},"author":2,"featured_media":301053,"comment_status":"","ping_status":"","sticky":false,"template":"","format":"standard","meta":{"footnotes":""},"categories":[1357],"tags":[44107,1379,58,44108,59,1011,27,1380,7897,44109],"class_list":{"0":"post-301052","1":"post","2":"type-post","3":"status-publish","4":"format-standard","5":"has-post-thumbnail","7":"category-livres","8":"tag-arabella-stanton","9":"tag-books","10":"tag-divertissement","11":"tag-dominique-collignon-maurin","12":"tag-entertainment","13":"tag-fr","14":"tag-france","15":"tag-livres","16":"tag-livres-audio","17":"tag-pottermore"},"share_on_mastodon":{"url":"https:\/\/pubeurope.com\/@fr\/114983401911019725","error":""},"_links":{"self":[{"href":"https:\/\/www.europesays.com\/fr\/wp-json\/wp\/v2\/posts\/301052","targetHints":{"allow":["GET"]}}],"collection":[{"href":"https:\/\/www.europesays.com\/fr\/wp-json\/wp\/v2\/posts"}],"about":[{"href":"https:\/\/www.europesays.com\/fr\/wp-json\/wp\/v2\/types\/post"}],"author":[{"embeddable":true,"href":"https:\/\/www.europesays.com\/fr\/wp-json\/wp\/v2\/users\/2"}],"replies":[{"embeddable":true,"href":"https:\/\/www.europesays.com\/fr\/wp-json\/wp\/v2\/comments?post=301052"}],"version-history":[{"count":0,"href":"https:\/\/www.europesays.com\/fr\/wp-json\/wp\/v2\/posts\/301052\/revisions"}],"wp:featuredmedia":[{"embeddable":true,"href":"https:\/\/www.europesays.com\/fr\/wp-json\/wp\/v2\/media\/301053"}],"wp:attachment":[{"href":"https:\/\/www.europesays.com\/fr\/wp-json\/wp\/v2\/media?parent=301052"}],"wp:term":[{"taxonomy":"category","embeddable":true,"href":"https:\/\/www.europesays.com\/fr\/wp-json\/wp\/v2\/categories?post=301052"},{"taxonomy":"post_tag","embeddable":true,"href":"https:\/\/www.europesays.com\/fr\/wp-json\/wp\/v2\/tags?post=301052"}],"curies":[{"name":"wp","href":"https:\/\/api.w.org\/{rel}","templated":true}]}}